{"id":18216,"date":"2018-08-26T11:10:04","date_gmt":"2018-08-26T09:10:04","guid":{"rendered":"http:\/\/ryttarutbildning.se\/?p=18216"},"modified":"2018-08-26T11:18:46","modified_gmt":"2018-08-26T09:18:46","slug":"sma-steg-framat","status":"publish","type":"post","link":"https:\/\/ryttarutbildning.se\/?p=18216","title":{"rendered":"Sm\u00e5 steg fram\u00e5t"},"content":{"rendered":"<p>Ibland k\u00e4nns det som om det g\u00e5r v\u00e4ldigt l\u00e5ngsamt n\u00e4r man sysslar med h\u00e4star, det \u00e4r ju inte direkt s\u00e5 att man ser framstegen med detsamma om man s\u00e4ger s\u00e5. Jag tycker att <strong>Grodan<\/strong> har utvecklats ganska mycket sista tiden, men \u00e4nd\u00e5 \u00e4r det l\u00e4tt att k\u00e4nna att det inte &#8221;h\u00e4nder n\u00e5got&#8221;. Inte s\u00e5 att jag stressar p\u00e5 henne, tv\u00e4rtom har vi tagit det v\u00e4ldigt lugnt, men samtidigt s\u00e5 har jag ju en vision av vad jag tror att det ska bli av henne och d\u00e5 vill jag ju n\u00e5 dit s\u00e5 snart som m\u00f6jligt&#8230; Faktum kvarst\u00e5r dock &#8211; hon \u00e4r faktiskt bara 7, och hon kom hit i princip outbildad och &#8221;bara riden&#8221;. Jag hittade lite gamla bilder p\u00e5 henne och det var en bra p\u00e5minnelse f\u00f6r mig om var vi startade. T\u00e4nk att det ska vara s\u00e5 l\u00e4tt att gl\u00f6mma!<a href=\"https:\/\/media.ryttarutbildning.se\/2018\/08\/DSC_7750.jpg\"><img loading=\"lazy\" decoding=\"async\" class=\"aligncenter size-full wp-image-18184\" src=\"https:\/\/media.ryttarutbildning.se\/2018\/08\/DSC_7750.jpg\" alt=\"\" width=\"1893\" height=\"1615\" srcset=\"https:\/\/media.ryttarutbildning.se\/2018\/08\/DSC_7750.jpg 1893w, https:\/\/media.ryttarutbildning.se\/2018\/08\/DSC_7750-300x256.jpg 300w, https:\/\/media.ryttarutbildning.se\/2018\/08\/DSC_7750-768x655.jpg 768w, https:\/\/media.ryttarutbildning.se\/2018\/08\/DSC_7750-1024x874.jpg 1024w, https:\/\/media.ryttarutbildning.se\/2018\/08\/DSC_7750-352x300.jpg 352w\" sizes=\"auto, (max-width: 1893px) 100vw, 1893px\" \/><\/a> <a href=\"https:\/\/media.ryttarutbildning.se\/2018\/08\/DSC_3220-1.jpg\"><img loading=\"lazy\" decoding=\"async\" class=\"aligncenter size-full wp-image-18183\" src=\"https:\/\/media.ryttarutbildning.se\/2018\/08\/DSC_3220-1.jpg\" alt=\"\" width=\"3008\" height=\"2000\" srcset=\"https:\/\/media.ryttarutbildning.se\/2018\/08\/DSC_3220-1.jpg 3008w, https:\/\/media.ryttarutbildning.se\/2018\/08\/DSC_3220-1-300x199.jpg 300w, https:\/\/media.ryttarutbildning.se\/2018\/08\/DSC_3220-1-768x511.jpg 768w, https:\/\/media.ryttarutbildning.se\/2018\/08\/DSC_3220-1-1024x681.jpg 1024w, https:\/\/media.ryttarutbildning.se\/2018\/08\/DSC_3220-1-451x300.jpg 451w\" sizes=\"auto, (max-width: 3008px) 100vw, 3008px\" \/><\/a>F\u00f6rsta bilden \u00e4r ju av s\u00e4mre kvalitet, men \u00e4nd\u00e5&#8230; H\u00e4r \u00e4r Grodan med Sofia n\u00e4r hon kom hit i januari 2017. Ganska liten (det \u00e4r hon fortfarande) och spinkig med en skurborste till svans (som jag fortfarande k\u00e4mpar med eftersom hon kliar sig j\u00e4mt&#8230;)<br \/>\nAndra bilden fr\u00e5n i sommar &#8211; rundare i hela kroppen. M\u00e5let \u00e4r dock att f\u00e5 ut halsen mer, men hon orkar inte riktigt \u00e4nnu.<br \/>\n<a href=\"https:\/\/media.ryttarutbildning.se\/2018\/08\/DSC_7724.jpg\"><img loading=\"lazy\" decoding=\"async\" class=\"aligncenter size-full wp-image-18180\" src=\"https:\/\/media.ryttarutbildning.se\/2018\/08\/DSC_7724.jpg\" alt=\"\" width=\"2660\" height=\"1824\" srcset=\"https:\/\/media.ryttarutbildning.se\/2018\/08\/DSC_7724.jpg 2660w, https:\/\/media.ryttarutbildning.se\/2018\/08\/DSC_7724-300x206.jpg 300w, https:\/\/media.ryttarutbildning.se\/2018\/08\/DSC_7724-768x527.jpg 768w, https:\/\/media.ryttarutbildning.se\/2018\/08\/DSC_7724-1024x702.jpg 1024w, https:\/\/media.ryttarutbildning.se\/2018\/08\/DSC_7724-438x300.jpg 438w\" sizes=\"auto, (max-width: 2660px) 100vw, 2660px\" \/><\/a>H\u00e4r \u00e4r Grodan f\u00f6rsta veckan hos oss.<br \/>\n<a href=\"https:\/\/media.ryttarutbildning.se\/2018\/08\/IMG_3055.jpg\"><img loading=\"lazy\" decoding=\"async\" class=\"aligncenter size-full wp-image-18181\" src=\"https:\/\/media.ryttarutbildning.se\/2018\/08\/IMG_3055.jpg\" alt=\"\" width=\"4113\" height=\"2988\" srcset=\"https:\/\/media.ryttarutbildning.se\/2018\/08\/IMG_3055.jpg 4113w, https:\/\/media.ryttarutbildning.se\/2018\/08\/IMG_3055-300x218.jpg 300w, https:\/\/media.ryttarutbildning.se\/2018\/08\/IMG_3055-768x558.jpg 768w, https:\/\/media.ryttarutbildning.se\/2018\/08\/IMG_3055-1024x744.jpg 1024w, https:\/\/media.ryttarutbildning.se\/2018\/08\/IMG_3055-413x300.jpg 413w\" sizes=\"auto, (max-width: 4113px) 100vw, 4113px\" \/><\/a>H\u00e4r efter ett par m\u00e5nader tror jag<br \/>\n<a href=\"https:\/\/media.ryttarutbildning.se\/2018\/08\/IMG_4242.jpg\"><img loading=\"lazy\" decoding=\"async\" class=\"aligncenter size-full wp-image-18182\" src=\"https:\/\/media.ryttarutbildning.se\/2018\/08\/IMG_4242.jpg\" alt=\"\" width=\"5184\" height=\"3456\" srcset=\"https:\/\/media.ryttarutbildning.se\/2018\/08\/IMG_4242.jpg 5184w, https:\/\/media.ryttarutbildning.se\/2018\/08\/IMG_4242-300x200.jpg 300w, https:\/\/media.ryttarutbildning.se\/2018\/08\/IMG_4242-768x512.jpg 768w, https:\/\/media.ryttarutbildning.se\/2018\/08\/IMG_4242-1024x683.jpg 1024w, https:\/\/media.ryttarutbildning.se\/2018\/08\/IMG_4242-450x300.jpg 450w\" sizes=\"auto, (max-width: 5184px) 100vw, 5184px\" \/><\/a>H\u00e4r f\u00f6rra sommaren, lite rundare men ganska l\u00e5ng bak och kort fram<br \/>\n<a href=\"https:\/\/media.ryttarutbildning.se\/2018\/08\/DSC_3265-1.jpg\"><img loading=\"lazy\" decoding=\"async\" class=\"aligncenter size-full wp-image-18175\" src=\"https:\/\/media.ryttarutbildning.se\/2018\/08\/DSC_3265-1.jpg\" alt=\"\" width=\"3008\" height=\"2000\" srcset=\"https:\/\/media.ryttarutbildning.se\/2018\/08\/DSC_3265-1.jpg 3008w, https:\/\/media.ryttarutbildning.se\/2018\/08\/DSC_3265-1-300x199.jpg 300w, https:\/\/media.ryttarutbildning.se\/2018\/08\/DSC_3265-1-768x511.jpg 768w, https:\/\/media.ryttarutbildning.se\/2018\/08\/DSC_3265-1-1024x681.jpg 1024w, https:\/\/media.ryttarutbildning.se\/2018\/08\/DSC_3265-1-451x300.jpg 451w\" sizes=\"auto, (max-width: 3008px) 100vw, 3008px\" \/><\/a>H\u00e4r \u00e4r fr\u00e5n den h\u00e4r sommaren, ungef\u00e4r lika kort fram och bak, och h\u00f6gre front. Men h\u00e4r orkar hon inte g\u00e5 s\u00e5 l\u00e5nga stunder \u00e4nnu. Tydlig skillnad i muskulaturen kring bakdelen!<br \/>\n<a href=\"https:\/\/media.ryttarutbildning.se\/2018\/08\/DSC_7802.jpg\"><img loading=\"lazy\" decoding=\"async\" class=\"aligncenter size-full wp-image-18186\" src=\"https:\/\/media.ryttarutbildning.se\/2018\/08\/DSC_7802.jpg\" alt=\"\" width=\"3008\" height=\"2000\" srcset=\"https:\/\/media.ryttarutbildning.se\/2018\/08\/DSC_7802.jpg 3008w, https:\/\/media.ryttarutbildning.se\/2018\/08\/DSC_7802-300x199.jpg 300w, https:\/\/media.ryttarutbildning.se\/2018\/08\/DSC_7802-768x511.jpg 768w, https:\/\/media.ryttarutbildning.se\/2018\/08\/DSC_7802-1024x681.jpg 1024w, https:\/\/media.ryttarutbildning.se\/2018\/08\/DSC_7802-451x300.jpg 451w\" sizes=\"auto, (max-width: 3008px) 100vw, 3008px\" \/><\/a> <a href=\"https:\/\/media.ryttarutbildning.se\/2018\/08\/DSC_8936.jpg\"><img loading=\"lazy\" decoding=\"async\" class=\"aligncenter size-full wp-image-18187\" src=\"https:\/\/media.ryttarutbildning.se\/2018\/08\/DSC_8936.jpg\" alt=\"\" width=\"3008\" height=\"2000\" srcset=\"https:\/\/media.ryttarutbildning.se\/2018\/08\/DSC_8936.jpg 3008w, https:\/\/media.ryttarutbildning.se\/2018\/08\/DSC_8936-300x199.jpg 300w, https:\/\/media.ryttarutbildning.se\/2018\/08\/DSC_8936-768x511.jpg 768w, https:\/\/media.ryttarutbildning.se\/2018\/08\/DSC_8936-1024x681.jpg 1024w, https:\/\/media.ryttarutbildning.se\/2018\/08\/DSC_8936-451x300.jpg 451w\" sizes=\"auto, (max-width: 3008px) 100vw, 3008px\" \/><\/a>\u00d6vre bilden fr\u00e5n januari 2017, undre fr\u00e5n sommaren 2017. Har inte tagit n\u00e5gon helkroppsbild i \u00e5r. Nu \u00e4r ju h\u00e4starna alltid finare p\u00e5 sommaren \u00e4n vintern, men jag tycker \u00e4nd\u00e5 man kan se skillnad \u00e4ven i hull och muskler p\u00e5 kort tid.<\/p>\n<p>Nu \u00e4r m\u00e5let att st\u00e4rka henne s\u00e5 att hon orkar b\u00e4ra sig b\u00e4ttre, kan ta ut steget mer (som fortfarande kan bli trippigt) och f\u00e5 fram nosen (sv\u00e5rt, eftersom hon \u00e4r ganska vek i nacken). Galoppen \u00e4r hennes b\u00e4sta g\u00e5ngart och den har blivit betydligt starkare och mer reglerbar, s\u00e5 jag hoppas traven &#8221;kommer ikapp&#8221; successivt.<\/p>\n","protected":false},"excerpt":{"rendered":"<p>Ibland k\u00e4nns det som om det g\u00e5r v\u00e4ldigt l\u00e5ngsamt n\u00e4r man sysslar med h\u00e4star, det \u00e4r ju inte direkt s\u00e5 att man ser framstegen med detsamma om man s\u00e4ger s\u00e5. Jag tycker att Grodan har utvecklats ganska mycket sista tiden, men \u00e4nd\u00e5 \u00e4r det l\u00e4tt att k\u00e4nna att det inte &#8221;h\u00e4nder n\u00e5got&#8221;. Inte s\u00e5 att [&hellip;]<\/p>\n","protected":false},"author":1,"featured_media":0,"comment_status":"open","ping_status":"open","sticky":false,"template":"","format":"standard","meta":{"_exactmetrics_skip_tracking":false,"_exactmetrics_sitenote_active":false,"_exactmetrics_sitenote_note":"","_exactmetrics_sitenote_category":0,"footnotes":""},"categories":[7],"tags":[],"class_list":["post-18216","post","type-post","status-publish","format-standard","hentry","category-hastarna"],"_links":{"self":[{"href":"https:\/\/ryttarutbildning.se\/index.php?rest_route=\/wp\/v2\/posts\/18216","targetHints":{"allow":["GET"]}}],"collection":[{"href":"https:\/\/ryttarutbildning.se\/index.php?rest_route=\/wp\/v2\/posts"}],"about":[{"href":"https:\/\/ryttarutbildning.se\/index.php?rest_route=\/wp\/v2\/types\/post"}],"author":[{"embeddable":true,"href":"https:\/\/ryttarutbildning.se\/index.php?rest_route=\/wp\/v2\/users\/1"}],"replies":[{"embeddable":true,"href":"https:\/\/ryttarutbildning.se\/index.php?rest_route=%2Fwp%2Fv2%2Fcomments&post=18216"}],"version-history":[{"count":0,"href":"https:\/\/ryttarutbildning.se\/index.php?rest_route=\/wp\/v2\/posts\/18216\/revisions"}],"wp:attachment":[{"href":"https:\/\/ryttarutbildning.se\/index.php?rest_route=%2Fwp%2Fv2%2Fmedia&parent=18216"}],"wp:term":[{"taxonomy":"category","embeddable":true,"href":"https:\/\/ryttarutbildning.se\/index.php?rest_route=%2Fwp%2Fv2%2Fcategories&post=18216"},{"taxonomy":"post_tag","embeddable":true,"href":"https:\/\/ryttarutbildning.se\/index.php?rest_route=%2Fwp%2Fv2%2Ftags&post=18216"}],"curies":[{"name":"wp","href":"https:\/\/api.w.org\/{rel}","templated":true}]}}