{"id":17608,"date":"2018-04-13T07:02:59","date_gmt":"2018-04-13T05:02:59","guid":{"rendered":"http:\/\/ryttarutbildning.se\/?p=17608"},"modified":"2018-04-13T07:02:59","modified_gmt":"2018-04-13T05:02:59","slug":"fredag-och-kurshelg-pa-ingang","status":"publish","type":"post","link":"https:\/\/ryttarutbildning.se\/?p=17608","title":{"rendered":"Fredag och kurshelg p\u00e5 ing\u00e5ng"},"content":{"rendered":"<p>Fredag och sol! \u00c4ntligen b\u00f6rjar det v\u00e4nda \u00e5t r\u00e4tt h\u00e5ll. Jag tror att det kommer s\u00e4ga pang snart och s\u00e5 sl\u00e5r allt ut p\u00e5 en g\u00e5ng.<\/p>\n<p>Nu p\u00e5 f\u00f6rmiddagen ska jag rida Fantasi, Anea och Grodan har jag t\u00e4nkt. Efter lunch drar helgens kurs ig\u00e5ng. Det blir fokus p\u00e5 sits och tre yoga-pass. De h\u00e4r kurserna brukar vara v\u00e4ldigt givande, och det \u00e4r bra f\u00f6r mig ocks\u00e5 att f\u00e5 yoga lite. Min kropp \u00e4r r\u00e4tt slut just nu, s\u00e5 jag ser fram emot helgen! (Det finns EN plats kvar p\u00e5 en likadan kurs i sommar.)<\/p>\n<p>Hoppas att ni f\u00e5r en fin helg!<br \/>\n<a href=\"https:\/\/media.ryttarutbildning.se\/2018\/04\/IMG_9127.jpg\"><img loading=\"lazy\" decoding=\"async\" class=\"aligncenter size-full wp-image-17609\" src=\"https:\/\/media.ryttarutbildning.se\/2018\/04\/IMG_9127.jpg\" alt=\"\" width=\"3116\" height=\"2137\" srcset=\"https:\/\/media.ryttarutbildning.se\/2018\/04\/IMG_9127.jpg 3116w, https:\/\/media.ryttarutbildning.se\/2018\/04\/IMG_9127-300x206.jpg 300w, https:\/\/media.ryttarutbildning.se\/2018\/04\/IMG_9127-768x527.jpg 768w, https:\/\/media.ryttarutbildning.se\/2018\/04\/IMG_9127-1024x702.jpg 1024w, https:\/\/media.ryttarutbildning.se\/2018\/04\/IMG_9127-437x300.jpg 437w\" sizes=\"auto, (max-width: 3116px) 100vw, 3116px\" \/><\/a><em>L\u00e4ngtar efter gr\u00e4s och blommor nu! Tror inte att jag \u00e4r ensam om det&#8230;.<\/em><\/p>\n","protected":false},"excerpt":{"rendered":"<p>Fredag och sol! \u00c4ntligen b\u00f6rjar det v\u00e4nda \u00e5t r\u00e4tt h\u00e5ll. Jag tror att det kommer s\u00e4ga pang snart och s\u00e5 sl\u00e5r allt ut p\u00e5 en g\u00e5ng. Nu p\u00e5 f\u00f6rmiddagen ska jag rida Fantasi, Anea och Grodan har jag t\u00e4nkt. Efter lunch drar helgens kurs ig\u00e5ng. Det blir fokus p\u00e5 sits och tre yoga-pass. De h\u00e4r [&hellip;]<\/p>\n","protected":false},"author":1,"featured_media":0,"comment_status":"open","ping_status":"open","sticky":false,"template":"","format":"standard","meta":{"_exactmetrics_skip_tracking":false,"_exactmetrics_sitenote_active":false,"_exactmetrics_sitenote_note":"","_exactmetrics_sitenote_category":0,"footnotes":""},"categories":[6,7,18],"tags":[],"class_list":["post-17608","post","type-post","status-publish","format-standard","hentry","category-dagens-ridning","category-hastarna","category-min-dag"],"_links":{"self":[{"href":"https:\/\/ryttarutbildning.se\/index.php?rest_route=\/wp\/v2\/posts\/17608","targetHints":{"allow":["GET"]}}],"collection":[{"href":"https:\/\/ryttarutbildning.se\/index.php?rest_route=\/wp\/v2\/posts"}],"about":[{"href":"https:\/\/ryttarutbildning.se\/index.php?rest_route=\/wp\/v2\/types\/post"}],"author":[{"embeddable":true,"href":"https:\/\/ryttarutbildning.se\/index.php?rest_route=\/wp\/v2\/users\/1"}],"replies":[{"embeddable":true,"href":"https:\/\/ryttarutbildning.se\/index.php?rest_route=%2Fwp%2Fv2%2Fcomments&post=17608"}],"version-history":[{"count":0,"href":"https:\/\/ryttarutbildning.se\/index.php?rest_route=\/wp\/v2\/posts\/17608\/revisions"}],"wp:attachment":[{"href":"https:\/\/ryttarutbildning.se\/index.php?rest_route=%2Fwp%2Fv2%2Fmedia&parent=17608"}],"wp:term":[{"taxonomy":"category","embeddable":true,"href":"https:\/\/ryttarutbildning.se\/index.php?rest_route=%2Fwp%2Fv2%2Fcategories&post=17608"},{"taxonomy":"post_tag","embeddable":true,"href":"https:\/\/ryttarutbildning.se\/index.php?rest_route=%2Fwp%2Fv2%2Ftags&post=17608"}],"curies":[{"name":"wp","href":"https:\/\/api.w.org\/{rel}","templated":true}]}}