{"id":16932,"date":"2018-01-02T22:08:16","date_gmt":"2018-01-02T20:08:16","guid":{"rendered":"http:\/\/ryttarutbildning.se\/?p=16932"},"modified":"2018-01-02T22:08:16","modified_gmt":"2018-01-02T20:08:16","slug":"best-of-2017","status":"publish","type":"post","link":"https:\/\/ryttarutbildning.se\/?p=16932","title":{"rendered":"Best of 2017"},"content":{"rendered":"<p>Det \u00e4r sv\u00e5rt att l\u00e5ta bli n\u00e5gon slags sammanfattning av \u00e5ret n\u00e4r det \u00e4r slut. Inf\u00f6r 2017 satte jag inte upp s\u00e5 mycket konkreta m\u00e5l, och det k\u00e4nns f\u00f6r mig som om det blev lite d\u00e4refter: typ lite sl\u00e4tstruket och utan n\u00e5gra stora eller uppseendev\u00e4ckande h\u00e4ndelser&#8230;Jag \u00e4r inte helt n\u00f6jd med att bara l\u00e5ta saker &#8221;rulla p\u00e5&#8221; men det kanske \u00e4r s\u00e5 det blir efter att ha haft en brant kurva upp\u00e5t p\u00e5 flera plan under n\u00e5gra \u00e5r.<\/p>\n<p><strong>N\u00e5gra bra saker som jag dock vill lyfta fram med \u00e5r 2017 \u00e4r:<\/strong><\/p>\n<p>Grodan som kom i februari. Jag k\u00f6pte henne p\u00e5 film i syfte att s\u00e4lja henne, men som bekant \u00e4r jag s\u00e4mst p\u00e5 att s\u00e4lja h\u00e4star s\u00e5 det blir inget med det. Faktum \u00e4r att den h\u00e4sten passar mig bra, \u00e4r l\u00e4ttriden och utvecklas snabbt &#8211; samt har en extremt gullig personlighet. S\u00e5 om inget ov\u00e4ntat h\u00e4nder s\u00e5 hoppas jag att hon kan utvecklas vidare p\u00e5 samma s\u00e4tt \u00e4ven under 2018, och \u00e4ven hinna med n\u00e5gon t\u00e4vlingsstart.<br \/>\n<a href=\"https:\/\/media.ryttarutbildning.se\/2018\/01\/DSC_8939.jpg\"><img loading=\"lazy\" decoding=\"async\" class=\"aligncenter size-full wp-image-16933\" src=\"https:\/\/media.ryttarutbildning.se\/2018\/01\/DSC_8939.jpg\" alt=\"\" width=\"3008\" height=\"2000\" srcset=\"https:\/\/media.ryttarutbildning.se\/2018\/01\/DSC_8939.jpg 3008w, https:\/\/media.ryttarutbildning.se\/2018\/01\/DSC_8939-300x199.jpg 300w, https:\/\/media.ryttarutbildning.se\/2018\/01\/DSC_8939-768x511.jpg 768w, https:\/\/media.ryttarutbildning.se\/2018\/01\/DSC_8939-1024x681.jpg 1024w, https:\/\/media.ryttarutbildning.se\/2018\/01\/DSC_8939-451x300.jpg 451w\" sizes=\"auto, (max-width: 3008px) 100vw, 3008px\" \/><\/a>I b\u00f6rjan av \u00e5ret kompletterade jag mina tr\u00e4ningar f\u00f6r Nina Bengtsson med att \u00e4ven rida f\u00f6r Rebecca Maul\u00e9on. B\u00e5da instruerar s\u00e5 att jag begriper, samt \u00e4r positiva och pushar mig vidare. Dessutom kan b\u00e5da sitta upp vid behov, vilket jag ser som ett (n\u00e4stintill) krav &#8211; eller i varje fall en trygghet ifall det &#8221;k\u00f6r ihop sig&#8221;.<br \/>\nTack vare deras t\u00e5lamod och min envishet s\u00e5 lyckades jag i slutet av \u00e5ret knipa en f\u00f6rsta plats i Intermediere1 p\u00e5 Anea &#8211; vilket jag aldrig hade trott i b\u00f6rjan av \u00e5ret. Nu k\u00e4nner jag mig till och med sugen p\u00e5 att f\u00f6rs\u00f6ka sn\u00e4ppa upp lite till, \u00e4ven om Anea faktiskt blir 17 \u00e5r i \u00e5r. Inget som m\u00e4rks dock.<br \/>\n<a href=\"https:\/\/media.ryttarutbildning.se\/2018\/01\/22752603_10210053982453792_577967577_n.jpg\"><img loading=\"lazy\" decoding=\"async\" class=\"aligncenter size-full wp-image-16934\" src=\"https:\/\/media.ryttarutbildning.se\/2018\/01\/22752603_10210053982453792_577967577_n.jpg\" alt=\"\" width=\"750\" height=\"722\" srcset=\"https:\/\/media.ryttarutbildning.se\/2018\/01\/22752603_10210053982453792_577967577_n.jpg 750w, https:\/\/media.ryttarutbildning.se\/2018\/01\/22752603_10210053982453792_577967577_n-300x289.jpg 300w, https:\/\/media.ryttarutbildning.se\/2018\/01\/22752603_10210053982453792_577967577_n-312x300.jpg 312w\" sizes=\"auto, (max-width: 750px) 100vw, 750px\" \/><\/a>En j\u00e4ttestor del i Aneas utveckling sista tiden \u00e4r \u00e4ven k\u00f6pet av ny sadel, som jag skrivit en hel del om. Det kanske kan verka \u00f6verdrivet att en sadel skulle g\u00f6ra s\u00e5 stor skillnad, men det \u00e4r verkligen s\u00e5. Jag sitter s\u00e5 himla mycket b\u00e4ttre och mer avsp\u00e4nt! F\u00f6rut kunde jag f\u00e5 lite ont om ridpasset inte fl\u00f6t p\u00e5, men jag har m\u00e5tt mycket b\u00e4ttre i kroppen nu! Jag har dessutom tagit mig i kragen och skaffat inl\u00e4gg till skorna s\u00e5 att jag inte ska g\u00e5 snett, och jag tror det ocks\u00e5 har hj\u00e4lpt till en del. Det g\u00e4ller verkligen att f\u00f6rs\u00f6ka ta hand om sig sj\u00e4lv i detta yrke.<\/p>\n<p>Och aprop\u00e5 det \u00e4r jag ocks\u00e5 mycket n\u00f6jd med \u00e5rets kurser &#8211; och d\u00e5 fr\u00e4mst kurserna med b\u00e5de yoga och ridning som jag har haft ihop med Helena Starkenberg. De kurserna har varit oerh\u00f6rt givande f\u00f6r alla inblandade, och det kommer fler. H\u00e5ll utkik!<\/p>\n<p>Jag l\u00e5nar ett omd\u00f6me fr\u00e5n f\u00f6rsta kursen h\u00e4r som f\u00e5r illustrera detta:<a href=\"https:\/\/media.ryttarutbildning.se\/2018\/01\/20429870_888412987992020_8806255394789939474_n.jpg\"><img loading=\"lazy\" decoding=\"async\" class=\"aligncenter size-full wp-image-16936\" src=\"https:\/\/media.ryttarutbildning.se\/2018\/01\/20429870_888412987992020_8806255394789939474_n.jpg\" alt=\"\" width=\"640\" height=\"916\" srcset=\"https:\/\/media.ryttarutbildning.se\/2018\/01\/20429870_888412987992020_8806255394789939474_n.jpg 640w, https:\/\/media.ryttarutbildning.se\/2018\/01\/20429870_888412987992020_8806255394789939474_n-210x300.jpg 210w\" sizes=\"auto, (max-width: 640px) 100vw, 640px\" \/><\/a>Jag valde ocks\u00e5 att s\u00e4lja Calle i \u00e5r. Det kanske verkar konstigt att ha med p\u00e5 &#8221;best of&#8221;-listan, men faktum \u00e4r att det \u00e4r ett s\u00e5dant beslut som jag \u00e4r n\u00f6jd med. Calle \u00e4r ett av mina b\u00e4sta k\u00f6p n\u00e5gonsin, men jag tyckte att det var dags f\u00f6r honom att f\u00e5 mer variation med uteritter och hoppning, samt l\u00e4ttare pass, med tanke p\u00e5 att han nu i \u00e5r blir 20 \u00e5r gammal. Nu kunde jag s\u00e4lja till en elev och han st\u00e5r \u00e4nd\u00e5 kvar s\u00e5 det kunde verkligen inte bli b\u00e4ttre.<br \/>\n<a href=\"https:\/\/media.ryttarutbildning.se\/2018\/01\/DSC_0715.jpg\"><img loading=\"lazy\" decoding=\"async\" class=\"aligncenter size-full wp-image-16938\" src=\"https:\/\/media.ryttarutbildning.se\/2018\/01\/DSC_0715.jpg\" alt=\"\" width=\"3008\" height=\"2000\" srcset=\"https:\/\/media.ryttarutbildning.se\/2018\/01\/DSC_0715.jpg 3008w, https:\/\/media.ryttarutbildning.se\/2018\/01\/DSC_0715-300x199.jpg 300w, https:\/\/media.ryttarutbildning.se\/2018\/01\/DSC_0715-768x511.jpg 768w, https:\/\/media.ryttarutbildning.se\/2018\/01\/DSC_0715-1024x681.jpg 1024w, https:\/\/media.ryttarutbildning.se\/2018\/01\/DSC_0715-451x300.jpg 451w\" sizes=\"auto, (max-width: 3008px) 100vw, 3008px\" \/><\/a>N\u00e5gra fler saker:<br \/>\nJag lyckades ta mini-semester TRE g\u00e5nger i \u00e5r, det h\u00e4nder inte i f\u00f6rsta taget.<br \/>\nVi b\u00f6rjade tapetsera om i salen p\u00e5 ovanv\u00e5ningen och det blir verkligen fint!<br \/>\nJag kunde k\u00f6pa en helt ny bil, vilket jag aldrig hade f\u00f6rv\u00e4ntat mig. Kanske en &#8221;v\u00e4rldslig&#8221; sak men \u00e4nd\u00e5 en slags bekr\u00e4ftelse f\u00f6r mig som f\u00f6retagare.<br \/>\nJag fick dessutom besked om att jag nu \u00e4r MsvB-domaraspirant. Det kommer ta lite tid innan man \u00e4r klar, men ett kliv fram\u00e5t i alla fall!<\/p>\n<p><em>Jag \u00e4r dessutom v\u00e4ldigt tacksam \u00f6ver alla jag har runt om mig, v\u00e4nner, familj och \u00e4ven kunder &#8211; som hj\u00e4lper och st\u00f6ttar n\u00e4r det kniper, och avlastar i stallet ibland. Jag \u00e4r verkligen glad f\u00f6r det ska ni veta!<\/em><\/p>\n","protected":false},"excerpt":{"rendered":"<p>Det \u00e4r sv\u00e5rt att l\u00e5ta bli n\u00e5gon slags sammanfattning av \u00e5ret n\u00e4r det \u00e4r slut. Inf\u00f6r 2017 satte jag inte upp s\u00e5 mycket konkreta m\u00e5l, och det k\u00e4nns f\u00f6r mig som om det blev lite d\u00e4refter: typ lite sl\u00e4tstruket och utan n\u00e5gra stora eller uppseendev\u00e4ckande h\u00e4ndelser&#8230;Jag \u00e4r inte helt n\u00f6jd med att bara l\u00e5ta saker [&hellip;]<\/p>\n","protected":false},"author":1,"featured_media":0,"comment_status":"open","ping_status":"open","sticky":false,"template":"","format":"standard","meta":{"_exactmetrics_skip_tracking":false,"_exactmetrics_sitenote_active":false,"_exactmetrics_sitenote_note":"","_exactmetrics_sitenote_category":0,"footnotes":""},"categories":[14,9,7,8],"tags":[],"class_list":["post-16932","post","type-post","status-publish","format-standard","hentry","category-asikter-och-tankar","category-driva-foretag","category-hastarna","category-privat-ovrigt"],"_links":{"self":[{"href":"https:\/\/ryttarutbildning.se\/index.php?rest_route=\/wp\/v2\/posts\/16932","targetHints":{"allow":["GET"]}}],"collection":[{"href":"https:\/\/ryttarutbildning.se\/index.php?rest_route=\/wp\/v2\/posts"}],"about":[{"href":"https:\/\/ryttarutbildning.se\/index.php?rest_route=\/wp\/v2\/types\/post"}],"author":[{"embeddable":true,"href":"https:\/\/ryttarutbildning.se\/index.php?rest_route=\/wp\/v2\/users\/1"}],"replies":[{"embeddable":true,"href":"https:\/\/ryttarutbildning.se\/index.php?rest_route=%2Fwp%2Fv2%2Fcomments&post=16932"}],"version-history":[{"count":0,"href":"https:\/\/ryttarutbildning.se\/index.php?rest_route=\/wp\/v2\/posts\/16932\/revisions"}],"wp:attachment":[{"href":"https:\/\/ryttarutbildning.se\/index.php?rest_route=%2Fwp%2Fv2%2Fmedia&parent=16932"}],"wp:term":[{"taxonomy":"category","embeddable":true,"href":"https:\/\/ryttarutbildning.se\/index.php?rest_route=%2Fwp%2Fv2%2Fcategories&post=16932"},{"taxonomy":"post_tag","embeddable":true,"href":"https:\/\/ryttarutbildning.se\/index.php?rest_route=%2Fwp%2Fv2%2Ftags&post=16932"}],"curies":[{"name":"wp","href":"https:\/\/api.w.org\/{rel}","templated":true}]}}