{"id":16544,"date":"2017-10-25T17:39:23","date_gmt":"2017-10-25T15:39:23","guid":{"rendered":"http:\/\/ryttarutbildning.se\/?p=16544"},"modified":"2017-10-25T17:39:23","modified_gmt":"2017-10-25T15:39:23","slug":"aneas-vecka-10","status":"publish","type":"post","link":"https:\/\/ryttarutbildning.se\/?p=16544","title":{"rendered":"Aneas vecka"},"content":{"rendered":"<p>Den h\u00e4r veckan blir lite lugnare f\u00f6r v\u00e5r del. Det \u00e4r nog mest jag sj\u00e4lv som beh\u00f6ver vila huvudet lite&#8230; F\u00f6r det kr\u00e4vs en hel del koncentration n\u00e4r jag ska t\u00e4vla, och samtidigt h\u00e5lla allt annat ig\u00e5ng. Den h\u00e4r veckan ser ut s\u00e5h\u00e4r (\u00e4n s\u00e5 l\u00e4nge):<\/p>\n<p><strong>M\u00e5ndag<\/strong> &#8211; bara en promenad efter t\u00e4vlingen i s\u00f6ndags<br \/>\n<strong>Tisdag<\/strong> &#8211; lektion med travbommar. Hon s\u00e5g superfin ut! Bra att se henne fr\u00e5n marken, och s\u00e5 passar jag p\u00e5 n\u00e4r det \u00e4r bommar (orkar aldrig sl\u00e4pa fram sj\u00e4lv men tycker det \u00e4r v\u00e4ldigt bra tr\u00e4ning)<br \/>\n<strong>Onsdag<\/strong> &#8211; planerad uteritt inst\u00e4lld pga regn! D\u00e4r g\u00e5r min gr\u00e4ns&#8230; Det blev piaff-arbete fr\u00e5n marken. D\u00e5 anv\u00e4nder jag hackamore s\u00e5 f\u00e5r hon samtidigt vila fr\u00e5n b\u00e5de sadel och bett. Nu b\u00f6rjar hon trampa bara jag st\u00e4ller mig bredvid! Inte h\u00f6gsta kvalitet och de st\u00f6rsta stegen, men bitvis kan man nog \u00e4nd\u00e5 kalla det &#8221;bebis-piaff&#8221; nu.<br \/>\n<strong>Torsdag<\/strong> &#8211; l\u00f6sg\u00f6rande dressyrpass<br \/>\n<strong>Fredag<\/strong> &#8211; uteritt (hoppas det blir b\u00e4ttre v\u00e4der&#8230;.)<br \/>\n<strong>L\u00f6rdag \/ S\u00f6ndag<\/strong> &#8211; en dag vilodag. En dag dressyr eller bara longering, beroende p\u00e5 hur mycket tid jag har (kurs i helgen). Sedan g\u00e4ller det ocks\u00e5 att f\u00e5 ordning p\u00e5 allt inf\u00f6r v\u00e5r sista t\u00e4vling den 5 nov, s\u00e5 vi kanske inte b\u00f6r slappa alltf\u00f6r mycket. \ud83d\ude09 S\u00e5 n\u00e4sta vecka m\u00e5ste jag f\u00e5 in en tr\u00e4ning igen, men den h\u00e4r veckan h\u00e5ller jag mig hemma.<br \/>\n<a href=\"https:\/\/media.ryttarutbildning.se\/2017\/10\/suvi_anea_okt17_5.jpg\"><img loading=\"lazy\" decoding=\"async\" class=\"aligncenter size-full wp-image-16546\" src=\"https:\/\/media.ryttarutbildning.se\/2017\/10\/suvi_anea_okt17_5.jpg\" alt=\"\" width=\"4162\" height=\"2537\" srcset=\"https:\/\/media.ryttarutbildning.se\/2017\/10\/suvi_anea_okt17_5.jpg 4162w, https:\/\/media.ryttarutbildning.se\/2017\/10\/suvi_anea_okt17_5-300x183.jpg 300w, https:\/\/media.ryttarutbildning.se\/2017\/10\/suvi_anea_okt17_5-768x468.jpg 768w, https:\/\/media.ryttarutbildning.se\/2017\/10\/suvi_anea_okt17_5-1024x624.jpg 1024w, https:\/\/media.ryttarutbildning.se\/2017\/10\/suvi_anea_okt17_5-492x300.jpg 492w\" sizes=\"auto, (max-width: 4162px) 100vw, 4162px\" \/><\/a><em>Foto: Lisas H\u00e4stfoto<\/em><\/p>\n","protected":false},"excerpt":{"rendered":"<p>Den h\u00e4r veckan blir lite lugnare f\u00f6r v\u00e5r del. Det \u00e4r nog mest jag sj\u00e4lv som beh\u00f6ver vila huvudet lite&#8230; F\u00f6r det kr\u00e4vs en hel del koncentration n\u00e4r jag ska t\u00e4vla, och samtidigt h\u00e5lla allt annat ig\u00e5ng. Den h\u00e4r veckan ser ut s\u00e5h\u00e4r (\u00e4n s\u00e5 l\u00e4nge): M\u00e5ndag &#8211; bara en promenad efter t\u00e4vlingen i s\u00f6ndags [&hellip;]<\/p>\n","protected":false},"author":1,"featured_media":0,"comment_status":"open","ping_status":"open","sticky":false,"template":"","format":"standard","meta":{"_exactmetrics_skip_tracking":false,"_exactmetrics_sitenote_active":false,"_exactmetrics_sitenote_note":"","_exactmetrics_sitenote_category":0,"footnotes":""},"categories":[7,5],"tags":[],"class_list":["post-16544","post","type-post","status-publish","format-standard","hentry","category-hastarna","category-traning-och-tavling"],"_links":{"self":[{"href":"https:\/\/ryttarutbildning.se\/index.php?rest_route=\/wp\/v2\/posts\/16544","targetHints":{"allow":["GET"]}}],"collection":[{"href":"https:\/\/ryttarutbildning.se\/index.php?rest_route=\/wp\/v2\/posts"}],"about":[{"href":"https:\/\/ryttarutbildning.se\/index.php?rest_route=\/wp\/v2\/types\/post"}],"author":[{"embeddable":true,"href":"https:\/\/ryttarutbildning.se\/index.php?rest_route=\/wp\/v2\/users\/1"}],"replies":[{"embeddable":true,"href":"https:\/\/ryttarutbildning.se\/index.php?rest_route=%2Fwp%2Fv2%2Fcomments&post=16544"}],"version-history":[{"count":0,"href":"https:\/\/ryttarutbildning.se\/index.php?rest_route=\/wp\/v2\/posts\/16544\/revisions"}],"wp:attachment":[{"href":"https:\/\/ryttarutbildning.se\/index.php?rest_route=%2Fwp%2Fv2%2Fmedia&parent=16544"}],"wp:term":[{"taxonomy":"category","embeddable":true,"href":"https:\/\/ryttarutbildning.se\/index.php?rest_route=%2Fwp%2Fv2%2Fcategories&post=16544"},{"taxonomy":"post_tag","embeddable":true,"href":"https:\/\/ryttarutbildning.se\/index.php?rest_route=%2Fwp%2Fv2%2Ftags&post=16544"}],"curies":[{"name":"wp","href":"https:\/\/api.w.org\/{rel}","templated":true}]}}