{"id":16407,"date":"2017-09-29T07:17:54","date_gmt":"2017-09-29T05:17:54","guid":{"rendered":"http:\/\/ryttarutbildning.se\/?p=16407"},"modified":"2017-09-29T07:18:47","modified_gmt":"2017-09-29T05:18:47","slug":"16407","status":"publish","type":"post","link":"https:\/\/ryttarutbildning.se\/?p=16407","title":{"rendered":""},"content":{"rendered":"<p><a href=\"https:\/\/media.ryttarutbildning.se\/2017\/09\/DSC_9921.jpg\"><img loading=\"lazy\" decoding=\"async\" class=\"alignright size-full wp-image-16406\" src=\"https:\/\/media.ryttarutbildning.se\/2017\/09\/DSC_9921.jpg\" alt=\"\" width=\"1884\" height=\"759\" srcset=\"https:\/\/media.ryttarutbildning.se\/2017\/09\/DSC_9921.jpg 1884w, https:\/\/media.ryttarutbildning.se\/2017\/09\/DSC_9921-300x121.jpg 300w, https:\/\/media.ryttarutbildning.se\/2017\/09\/DSC_9921-768x309.jpg 768w, https:\/\/media.ryttarutbildning.se\/2017\/09\/DSC_9921-1024x413.jpg 1024w, https:\/\/media.ryttarutbildning.se\/2017\/09\/DSC_9921-500x201.jpg 500w\" sizes=\"auto, (max-width: 1884px) 100vw, 1884px\" \/><\/a><\/p>\n<p>Idag har jag en hel del h\u00e4star att rida p\u00e5 f\u00f6rmiddagen, s\u00e5 det blir korta pass bara. N\u00e5gra inackorderingar ska ocks\u00e5 ha hj\u00e4lp med promenad \/ longering, men som tur \u00e4r har jag ju bra personal s\u00e5 vi borde hinna allt. Jag ska n\u00e4mligen iv\u00e4g i eftermiddag och h\u00e5lla tr\u00e4ningar borta, s\u00e5 det g\u00e5r en massa tid d\u00e4r. Det ska dock bli roligt! Jobbar ju mest hemma, och lite omv\u00e4xling skadar inte. I helgen \u00e4r det kurs l\u00f6r-s\u00f6n s\u00e5 jag ska hinna handla mat och f\u00f6rbereda lite ocks\u00e5 inf\u00f6r det. Kom p\u00e5 att jag \u00e4ven beh\u00f6ver hinna titta en stund n\u00e4r min stalltjej rider program &#8211; hon ska debutera p\u00e5 dressyrbanan imorgon med sin h\u00e4st! Dags att s\u00e4tta fart med andra ord. Blir multitasking idag. Eventuellt kommer det upp film ikv\u00e4ll fr\u00e5n min tr\u00e4ning med Grodan ig\u00e5r ocks\u00e5.<\/p>\n<p>Trevlig fredag!<\/p>\n","protected":false},"excerpt":{"rendered":"<p>Idag har jag en hel del h\u00e4star att rida p\u00e5 f\u00f6rmiddagen, s\u00e5 det blir korta pass bara. N\u00e5gra inackorderingar ska ocks\u00e5 ha hj\u00e4lp med promenad \/ longering, men som tur \u00e4r har jag ju bra personal s\u00e5 vi borde hinna allt. Jag ska n\u00e4mligen iv\u00e4g i eftermiddag och h\u00e5lla tr\u00e4ningar borta, s\u00e5 det g\u00e5r en [&hellip;]<\/p>\n","protected":false},"author":1,"featured_media":0,"comment_status":"open","ping_status":"open","sticky":false,"template":"","format":"standard","meta":{"_exactmetrics_skip_tracking":false,"_exactmetrics_sitenote_active":false,"_exactmetrics_sitenote_note":"","_exactmetrics_sitenote_category":0,"footnotes":""},"categories":[1],"tags":[],"class_list":["post-16407","post","type-post","status-publish","format-standard","hentry","category-uncategorized"],"_links":{"self":[{"href":"https:\/\/ryttarutbildning.se\/index.php?rest_route=\/wp\/v2\/posts\/16407","targetHints":{"allow":["GET"]}}],"collection":[{"href":"https:\/\/ryttarutbildning.se\/index.php?rest_route=\/wp\/v2\/posts"}],"about":[{"href":"https:\/\/ryttarutbildning.se\/index.php?rest_route=\/wp\/v2\/types\/post"}],"author":[{"embeddable":true,"href":"https:\/\/ryttarutbildning.se\/index.php?rest_route=\/wp\/v2\/users\/1"}],"replies":[{"embeddable":true,"href":"https:\/\/ryttarutbildning.se\/index.php?rest_route=%2Fwp%2Fv2%2Fcomments&post=16407"}],"version-history":[{"count":0,"href":"https:\/\/ryttarutbildning.se\/index.php?rest_route=\/wp\/v2\/posts\/16407\/revisions"}],"wp:attachment":[{"href":"https:\/\/ryttarutbildning.se\/index.php?rest_route=%2Fwp%2Fv2%2Fmedia&parent=16407"}],"wp:term":[{"taxonomy":"category","embeddable":true,"href":"https:\/\/ryttarutbildning.se\/index.php?rest_route=%2Fwp%2Fv2%2Fcategories&post=16407"},{"taxonomy":"post_tag","embeddable":true,"href":"https:\/\/ryttarutbildning.se\/index.php?rest_route=%2Fwp%2Fv2%2Ftags&post=16407"}],"curies":[{"name":"wp","href":"https:\/\/api.w.org\/{rel}","templated":true}]}}