{"id":16389,"date":"2017-09-19T08:49:47","date_gmt":"2017-09-19T06:49:47","guid":{"rendered":"http:\/\/ryttarutbildning.se\/?p=16389"},"modified":"2017-09-19T08:49:47","modified_gmt":"2017-09-19T06:49:47","slug":"hemma-igen-4","status":"publish","type":"post","link":"https:\/\/ryttarutbildning.se\/?p=16389","title":{"rendered":"Hemma igen"},"content":{"rendered":"<p><a href=\"https:\/\/media.ryttarutbildning.se\/2017\/09\/20170916_1844561-e1505662716551.jpg\"><img loading=\"lazy\" decoding=\"async\" class=\"alignright size-medium wp-image-16387\" src=\"https:\/\/media.ryttarutbildning.se\/2017\/09\/20170916_1844561-e1505662716551-225x300.jpg\" alt=\"\" width=\"225\" height=\"300\" srcset=\"https:\/\/media.ryttarutbildning.se\/2017\/09\/20170916_1844561-e1505662716551-225x300.jpg 225w, https:\/\/media.ryttarutbildning.se\/2017\/09\/20170916_1844561-e1505662716551-768x1024.jpg 768w\" sizes=\"auto, (max-width: 225px) 100vw, 225px\" \/><\/a>Har haft n\u00e5gra bra dagar p\u00e5 Gotland med fokus p\u00e5 att sova, l\u00e4sa och \u00e4ta god mat. (P\u00e5 fredagen jobbade jag i och f\u00f6r sig lite ocks\u00e5, bl.a. med att uppdatera hemsidan. Finns nu ytterligare n\u00e5gon ny kurs och det kommer f\u00f6rmodligen ett par tillf\u00e4llen till under h\u00f6sten. Ni f\u00e5r helt enkelt h\u00e5lla utkik!)<\/p>\n<p>I l\u00f6rdags firade vi mina f\u00f6r\u00e4ldrars f\u00f6delsedagar med middag ute. Vi \u00e5t libanesiskt och man kunde best\u00e4lla flera sm\u00e5r\u00e4tter. Vi fick in 16 olika (!), n\u00e5gra var i och f\u00f6r sig &#8221;bara&#8221; r\u00f6ror, men \u00e4nd\u00e5. Jag trodde inte vi skulle f\u00e5 i oss allt, men det gick alldeles utm\u00e4rkt, och \u00e4nd\u00e5 blev man faktiskt inte &#8221;\u00e4ckligt m\u00e4tt&#8221;.<\/p>\n<p>Nu \u00e4r jag hemma igen, hade lektioner ig\u00e5r kv\u00e4ll och hann rida lite ocks\u00e5. Hoppas nu p\u00e5 att ha lite ny energi f\u00f6r att orka med h\u00f6st och vinter! Har ni n\u00e5gra tips som g\u00f6r att man orkar b\u00e4ttre under vinterhalv\u00e5ret?<\/p>\n","protected":false},"excerpt":{"rendered":"<p>Har haft n\u00e5gra bra dagar p\u00e5 Gotland med fokus p\u00e5 att sova, l\u00e4sa och \u00e4ta god mat. (P\u00e5 fredagen jobbade jag i och f\u00f6r sig lite ocks\u00e5, bl.a. med att uppdatera hemsidan. Finns nu ytterligare n\u00e5gon ny kurs och det kommer f\u00f6rmodligen ett par tillf\u00e4llen till under h\u00f6sten. Ni f\u00e5r helt enkelt h\u00e5lla utkik!) I [&hellip;]<\/p>\n","protected":false},"author":1,"featured_media":0,"comment_status":"open","ping_status":"open","sticky":false,"template":"","format":"standard","meta":{"_exactmetrics_skip_tracking":false,"_exactmetrics_sitenote_active":false,"_exactmetrics_sitenote_note":"","_exactmetrics_sitenote_category":0,"footnotes":""},"categories":[18,8],"tags":[],"class_list":["post-16389","post","type-post","status-publish","format-standard","hentry","category-min-dag","category-privat-ovrigt"],"_links":{"self":[{"href":"https:\/\/ryttarutbildning.se\/index.php?rest_route=\/wp\/v2\/posts\/16389","targetHints":{"allow":["GET"]}}],"collection":[{"href":"https:\/\/ryttarutbildning.se\/index.php?rest_route=\/wp\/v2\/posts"}],"about":[{"href":"https:\/\/ryttarutbildning.se\/index.php?rest_route=\/wp\/v2\/types\/post"}],"author":[{"embeddable":true,"href":"https:\/\/ryttarutbildning.se\/index.php?rest_route=\/wp\/v2\/users\/1"}],"replies":[{"embeddable":true,"href":"https:\/\/ryttarutbildning.se\/index.php?rest_route=%2Fwp%2Fv2%2Fcomments&post=16389"}],"version-history":[{"count":0,"href":"https:\/\/ryttarutbildning.se\/index.php?rest_route=\/wp\/v2\/posts\/16389\/revisions"}],"wp:attachment":[{"href":"https:\/\/ryttarutbildning.se\/index.php?rest_route=%2Fwp%2Fv2%2Fmedia&parent=16389"}],"wp:term":[{"taxonomy":"category","embeddable":true,"href":"https:\/\/ryttarutbildning.se\/index.php?rest_route=%2Fwp%2Fv2%2Fcategories&post=16389"},{"taxonomy":"post_tag","embeddable":true,"href":"https:\/\/ryttarutbildning.se\/index.php?rest_route=%2Fwp%2Fv2%2Ftags&post=16389"}],"curies":[{"name":"wp","href":"https:\/\/api.w.org\/{rel}","templated":true}]}}