{"id":16333,"date":"2017-09-14T17:19:38","date_gmt":"2017-09-14T15:19:38","guid":{"rendered":"http:\/\/ryttarutbildning.se\/?p=16333"},"modified":"2017-09-14T17:19:38","modified_gmt":"2017-09-14T15:19:38","slug":"langhelg","status":"publish","type":"post","link":"https:\/\/ryttarutbildning.se\/?p=16333","title":{"rendered":"L\u00e5nghelg"},"content":{"rendered":"<p>Jag kommer faktiskt smita iv\u00e4g fr\u00e5n och med ikv\u00e4ll till och med m\u00e5ndag f\u00f6rmiddag. Tyckte att jag beh\u00f6vde en mini-semester f\u00f6r att orka hela h\u00f6sten. Ikv\u00e4ll har jag d\u00e4rf\u00f6r vikarie, vilket inte h\u00f6r till vanligheterna! Jag \u00e5ker till Gotland, &#8221;som vanligt&#8221; (kanske borde man variera sig ibland men det \u00e4r sk\u00f6nt att ha &#8221;sitt eget&#8221;). Har inte varit d\u00e4r p\u00e5 h\u00f6sten mer \u00e4n n\u00e5gon enstaka g\u00e5ng s\u00e5 det kommer k\u00e4nnas lite annorlunda.<\/p>\n<p>Idag har jag varit och tr\u00e4nat p\u00e5 f\u00f6rmiddagen med Anea. Det gick v\u00e4ldigt bra, hon k\u00e4ndes j\u00e4ttefin. Jag tror att jag har hittat l\u00f6sningen p\u00e5 sadelproblemet nu, men det kr\u00e4ver n\u00e4stan ett eget inl\u00e4gg&#8230; Kan i alla fall konstatera att skillnaden \u00e4r enorm!<br \/>\n<a href=\"https:\/\/media.ryttarutbildning.se\/2017\/09\/DSC_0834-1.jpg\"><img loading=\"lazy\" decoding=\"async\" class=\"aligncenter size-full wp-image-16335\" src=\"https:\/\/media.ryttarutbildning.se\/2017\/09\/DSC_0834-1.jpg\" alt=\"\" width=\"2028\" height=\"1567\" srcset=\"https:\/\/media.ryttarutbildning.se\/2017\/09\/DSC_0834-1.jpg 2028w, https:\/\/media.ryttarutbildning.se\/2017\/09\/DSC_0834-1-300x232.jpg 300w, https:\/\/media.ryttarutbildning.se\/2017\/09\/DSC_0834-1-768x593.jpg 768w, https:\/\/media.ryttarutbildning.se\/2017\/09\/DSC_0834-1-1024x791.jpg 1024w, https:\/\/media.ryttarutbildning.se\/2017\/09\/DSC_0834-1-388x300.jpg 388w\" sizes=\"auto, (max-width: 2028px) 100vw, 2028px\" \/><\/a><em>Inte v\u00e4rldens b\u00e4sta bild kanske, Zigge blundar.. Men s\u00e5h\u00e4r spontan-glad blev jag n\u00e4r jag provade samma sadel p\u00e5 honom ig\u00e5r. Och d\u00e5 kan jag till\u00e4gga att jag inte ler i f\u00f6rsta taget n\u00e4r jag rider! Men pl\u00f6tsligt fick han upp ryggen och travade b\u00e4ttre \u00e4n n\u00e5gonsin. Borde ha filmat ist\u00e4llet&#8230;<\/em><\/p>\n","protected":false},"excerpt":{"rendered":"<p>Jag kommer faktiskt smita iv\u00e4g fr\u00e5n och med ikv\u00e4ll till och med m\u00e5ndag f\u00f6rmiddag. Tyckte att jag beh\u00f6vde en mini-semester f\u00f6r att orka hela h\u00f6sten. Ikv\u00e4ll har jag d\u00e4rf\u00f6r vikarie, vilket inte h\u00f6r till vanligheterna! Jag \u00e5ker till Gotland, &#8221;som vanligt&#8221; (kanske borde man variera sig ibland men det \u00e4r sk\u00f6nt att ha &#8221;sitt eget&#8221;). [&hellip;]<\/p>\n","protected":false},"author":1,"featured_media":0,"comment_status":"open","ping_status":"open","sticky":false,"template":"","format":"standard","meta":{"_exactmetrics_skip_tracking":false,"_exactmetrics_sitenote_active":false,"_exactmetrics_sitenote_note":"","_exactmetrics_sitenote_category":0,"footnotes":""},"categories":[7,8,5],"tags":[],"class_list":["post-16333","post","type-post","status-publish","format-standard","hentry","category-hastarna","category-privat-ovrigt","category-traning-och-tavling"],"_links":{"self":[{"href":"https:\/\/ryttarutbildning.se\/index.php?rest_route=\/wp\/v2\/posts\/16333","targetHints":{"allow":["GET"]}}],"collection":[{"href":"https:\/\/ryttarutbildning.se\/index.php?rest_route=\/wp\/v2\/posts"}],"about":[{"href":"https:\/\/ryttarutbildning.se\/index.php?rest_route=\/wp\/v2\/types\/post"}],"author":[{"embeddable":true,"href":"https:\/\/ryttarutbildning.se\/index.php?rest_route=\/wp\/v2\/users\/1"}],"replies":[{"embeddable":true,"href":"https:\/\/ryttarutbildning.se\/index.php?rest_route=%2Fwp%2Fv2%2Fcomments&post=16333"}],"version-history":[{"count":0,"href":"https:\/\/ryttarutbildning.se\/index.php?rest_route=\/wp\/v2\/posts\/16333\/revisions"}],"wp:attachment":[{"href":"https:\/\/ryttarutbildning.se\/index.php?rest_route=%2Fwp%2Fv2%2Fmedia&parent=16333"}],"wp:term":[{"taxonomy":"category","embeddable":true,"href":"https:\/\/ryttarutbildning.se\/index.php?rest_route=%2Fwp%2Fv2%2Fcategories&post=16333"},{"taxonomy":"post_tag","embeddable":true,"href":"https:\/\/ryttarutbildning.se\/index.php?rest_route=%2Fwp%2Fv2%2Ftags&post=16333"}],"curies":[{"name":"wp","href":"https:\/\/api.w.org\/{rel}","templated":true}]}}