{"id":15711,"date":"2017-05-29T19:22:56","date_gmt":"2017-05-29T17:22:56","guid":{"rendered":"http:\/\/ryttarutbildning.se\/?p=15711"},"modified":"2017-05-29T19:26:00","modified_gmt":"2017-05-29T17:26:00","slug":"mina-forsta-hastar","status":"publish","type":"post","link":"https:\/\/ryttarutbildning.se\/?p=15711","title":{"rendered":"Mina f\u00f6rsta h\u00e4star"},"content":{"rendered":"<p>Jag har b\u00f6rjat f\u00f6rs\u00f6ka sortera upp foton i datorn, men det kommer jag nog f\u00e5 forts\u00e4tta med tills jag blir pension\u00e4r&#8230; Hittade i alla fall lite gamla bilder s\u00e5 h\u00e4r kommer en nostalgitripp med de fem h\u00e4starna som jag b\u00f6rjade med p\u00e5 Helmer Ridcenter i Str\u00e4ngn\u00e4s 2009. (Med andra ord \u00e4r det bara 2 \u00e5r kvar till mitt 10-\u00e5rsjubileum&#8230;) Tiden g\u00e5r i en rasande fart!<\/p>\n<p>Allra f\u00f6rsta h\u00e4sten var <strong>Nogge<\/strong>, en f.d. hopph\u00e4st som var f\u00f6r tittig p\u00e5 vattenmattor f\u00f6r att f\u00e5 forts\u00e4tta sin karri\u00e4r p\u00e5 t\u00e4vlingsbanan. N\u00e5gra dressyrt\u00e4vlingar blev det dock ist\u00e4llet. Han kommer s\u00e5klart alltid ha en extra stor plats i mitt hj\u00e4rta!<br \/>\n<a href=\"https:\/\/media.ryttarutbildning.se\/2017\/05\/DSC_0325.jpg\"><img loading=\"lazy\" decoding=\"async\" class=\"aligncenter size-full wp-image-15714\" src=\"https:\/\/media.ryttarutbildning.se\/2017\/05\/DSC_0325.jpg\" alt=\"\" width=\"2203\" height=\"1586\" srcset=\"https:\/\/media.ryttarutbildning.se\/2017\/05\/DSC_0325.jpg 2203w, https:\/\/media.ryttarutbildning.se\/2017\/05\/DSC_0325-300x216.jpg 300w, https:\/\/media.ryttarutbildning.se\/2017\/05\/DSC_0325-768x553.jpg 768w, https:\/\/media.ryttarutbildning.se\/2017\/05\/DSC_0325-1024x737.jpg 1024w, https:\/\/media.ryttarutbildning.se\/2017\/05\/DSC_0325-417x300.jpg 417w\" sizes=\"auto, (max-width: 2203px) 100vw, 2203px\" \/><\/a><strong>Anea<\/strong> hade jag ju faktiskt med mig redan innan, men d\u00e5 \u00e4gde jag inte henne, utan jag k\u00f6pte henne efter n\u00e5gra \u00e5r. H\u00e4r \u00e4r bild fr\u00e5n tiden p\u00e5 Helmers. Hon var lite &#8221;mindre&#8221; d\u00e5!<br \/>\n<a href=\"https:\/\/media.ryttarutbildning.se\/2017\/05\/DSC_2169.jpg\"><img loading=\"lazy\" decoding=\"async\" class=\"aligncenter size-full wp-image-15722\" src=\"https:\/\/media.ryttarutbildning.se\/2017\/05\/DSC_2169.jpg\" alt=\"\" width=\"3008\" height=\"2000\" srcset=\"https:\/\/media.ryttarutbildning.se\/2017\/05\/DSC_2169.jpg 3008w, https:\/\/media.ryttarutbildning.se\/2017\/05\/DSC_2169-300x199.jpg 300w, https:\/\/media.ryttarutbildning.se\/2017\/05\/DSC_2169-768x511.jpg 768w, https:\/\/media.ryttarutbildning.se\/2017\/05\/DSC_2169-1024x681.jpg 1024w, https:\/\/media.ryttarutbildning.se\/2017\/05\/DSC_2169-451x300.jpg 451w\" sizes=\"auto, (max-width: 3008px) 100vw, 3008px\" \/><\/a>Efter Nogge kom <strong>Wirja<\/strong>, en ganska bastant dam av gammal modell &#8211; dvs l\u00e5ng rygg och &#8221;taxben&#8221;. En bra l\u00e4rom\u00e4stare som ocks\u00e5 hade t\u00e4vlat hoppning innan. Hon var ganska gammal redan n\u00e4r jag k\u00f6pte henne, tror hon blev 19 hos mig och d\u00e5 br\u00f6t hon tragiskt nog benet i hagen.<br \/>\n<a href=\"https:\/\/media.ryttarutbildning.se\/2017\/05\/DSC_2038.jpg\"><img loading=\"lazy\" decoding=\"async\" class=\"aligncenter size-full wp-image-15719\" src=\"https:\/\/media.ryttarutbildning.se\/2017\/05\/DSC_2038.jpg\" alt=\"\" width=\"3008\" height=\"2000\" srcset=\"https:\/\/media.ryttarutbildning.se\/2017\/05\/DSC_2038.jpg 3008w, https:\/\/media.ryttarutbildning.se\/2017\/05\/DSC_2038-300x199.jpg 300w, https:\/\/media.ryttarutbildning.se\/2017\/05\/DSC_2038-768x511.jpg 768w, https:\/\/media.ryttarutbildning.se\/2017\/05\/DSC_2038-1024x681.jpg 1024w, https:\/\/media.ryttarutbildning.se\/2017\/05\/DSC_2038-451x300.jpg 451w\" sizes=\"auto, (max-width: 3008px) 100vw, 3008px\" \/><\/a>Eftersom fux-ston \u00e4r k\u00e4nda f\u00f6r sitt medg\u00f6rliga temperament k\u00f6pte jag en till, och det var <strong>Iffi.<\/strong> (Obs &#8211; ironi, och att jag inte \u00f6verhuvudtaget bryr mig om f\u00e4rg eller k\u00f6n, utan endast bryr mig om individen)<br \/>\n<a href=\"https:\/\/media.ryttarutbildning.se\/2017\/05\/DSC_5874.jpg\"><img loading=\"lazy\" decoding=\"async\" class=\"aligncenter size-full wp-image-15716\" src=\"https:\/\/media.ryttarutbildning.se\/2017\/05\/DSC_5874.jpg\" alt=\"\" width=\"3008\" height=\"2000\" srcset=\"https:\/\/media.ryttarutbildning.se\/2017\/05\/DSC_5874.jpg 3008w, https:\/\/media.ryttarutbildning.se\/2017\/05\/DSC_5874-300x199.jpg 300w, https:\/\/media.ryttarutbildning.se\/2017\/05\/DSC_5874-768x511.jpg 768w, https:\/\/media.ryttarutbildning.se\/2017\/05\/DSC_5874-1024x681.jpg 1024w, https:\/\/media.ryttarutbildning.se\/2017\/05\/DSC_5874-451x300.jpg 451w\" sizes=\"auto, (max-width: 3008px) 100vw, 3008px\" \/><\/a>Sist &#8211; och minst &#8211; var en connemara som jag l\u00e5nade. Han hette <strong>Arramiz<\/strong> och var fr\u00e5n b\u00f6rjan westernh\u00e4st men t\u00e4vlade ocks\u00e5 dressyr. Han var dock stor h\u00e4st (inte ponny),\u00a0och v\u00e4ldigt rolig att rida.<br \/>\n<a href=\"https:\/\/media.ryttarutbildning.se\/2017\/05\/DSCN0939.jpg\"><img loading=\"lazy\" decoding=\"async\" class=\"aligncenter size-full wp-image-15723\" src=\"https:\/\/media.ryttarutbildning.se\/2017\/05\/DSCN0939.jpg\" alt=\"\" width=\"2059\" height=\"2110\" srcset=\"https:\/\/media.ryttarutbildning.se\/2017\/05\/DSCN0939.jpg 2059w, https:\/\/media.ryttarutbildning.se\/2017\/05\/DSCN0939-293x300.jpg 293w, https:\/\/media.ryttarutbildning.se\/2017\/05\/DSCN0939-768x787.jpg 768w, https:\/\/media.ryttarutbildning.se\/2017\/05\/DSCN0939-999x1024.jpg 999w\" sizes=\"auto, (max-width: 2059px) 100vw, 2059px\" \/><\/a>N\u00e4r man ser tillbaka p\u00e5 det s\u00e5 var det en rolig och bra blandning av h\u00e4star. Det \u00e4r verkligen inte l\u00e4tt att hitta bra h\u00e4star till en verksamhet, som b\u00e5de ska vara v\u00e4lutbildade och hyfsat l\u00e4ttridna samtidigt som de inte kostar skjortan. &#8221;Lite&#8221; jobb f\u00e5r man ju r\u00e4kna med att g\u00f6ra sj\u00e4lv ocks\u00e5, men det m\u00e5ste vara bra h\u00e4star i grunden. Hade \u00e4nd\u00e5 ett r\u00e4tt bra flyt d\u00e5 jag samlade ihop dessa h\u00e4star p\u00e5 en m\u00e5nad och med ytterst begr\u00e4nsad budget!<\/p>\n<p><a href=\"https:\/\/media.ryttarutbildning.se\/2017\/05\/DSCN0938.jpg\">\u00a0<\/a><\/p>\n","protected":false},"excerpt":{"rendered":"<p>Jag har b\u00f6rjat f\u00f6rs\u00f6ka sortera upp foton i datorn, men det kommer jag nog f\u00e5 forts\u00e4tta med tills jag blir pension\u00e4r&#8230; Hittade i alla fall lite gamla bilder s\u00e5 h\u00e4r kommer en nostalgitripp med de fem h\u00e4starna som jag b\u00f6rjade med p\u00e5 Helmer Ridcenter i Str\u00e4ngn\u00e4s 2009. (Med andra ord \u00e4r det bara 2 \u00e5r [&hellip;]<\/p>\n","protected":false},"author":1,"featured_media":0,"comment_status":"open","ping_status":"open","sticky":false,"template":"","format":"standard","meta":{"_exactmetrics_skip_tracking":false,"_exactmetrics_sitenote_active":false,"_exactmetrics_sitenote_note":"","_exactmetrics_sitenote_category":0,"footnotes":""},"categories":[9,7],"tags":[],"class_list":["post-15711","post","type-post","status-publish","format-standard","hentry","category-driva-foretag","category-hastarna"],"_links":{"self":[{"href":"https:\/\/ryttarutbildning.se\/index.php?rest_route=\/wp\/v2\/posts\/15711","targetHints":{"allow":["GET"]}}],"collection":[{"href":"https:\/\/ryttarutbildning.se\/index.php?rest_route=\/wp\/v2\/posts"}],"about":[{"href":"https:\/\/ryttarutbildning.se\/index.php?rest_route=\/wp\/v2\/types\/post"}],"author":[{"embeddable":true,"href":"https:\/\/ryttarutbildning.se\/index.php?rest_route=\/wp\/v2\/users\/1"}],"replies":[{"embeddable":true,"href":"https:\/\/ryttarutbildning.se\/index.php?rest_route=%2Fwp%2Fv2%2Fcomments&post=15711"}],"version-history":[{"count":0,"href":"https:\/\/ryttarutbildning.se\/index.php?rest_route=\/wp\/v2\/posts\/15711\/revisions"}],"wp:attachment":[{"href":"https:\/\/ryttarutbildning.se\/index.php?rest_route=%2Fwp%2Fv2%2Fmedia&parent=15711"}],"wp:term":[{"taxonomy":"category","embeddable":true,"href":"https:\/\/ryttarutbildning.se\/index.php?rest_route=%2Fwp%2Fv2%2Fcategories&post=15711"},{"taxonomy":"post_tag","embeddable":true,"href":"https:\/\/ryttarutbildning.se\/index.php?rest_route=%2Fwp%2Fv2%2Ftags&post=15711"}],"curies":[{"name":"wp","href":"https:\/\/api.w.org\/{rel}","templated":true}]}}