{"id":14731,"date":"2016-12-22T17:49:22","date_gmt":"2016-12-22T15:49:22","guid":{"rendered":"http:\/\/ryttarutbildning.se\/?p=14731"},"modified":"2016-12-22T17:49:22","modified_gmt":"2016-12-22T15:49:22","slug":"lucka-22","status":"publish","type":"post","link":"https:\/\/ryttarutbildning.se\/?p=14731","title":{"rendered":"Lucka 22"},"content":{"rendered":"<p>Hoppade \u00f6ver ig\u00e5r, men idag \u00e4r fr\u00e5gan f\u00f6ljande:<br \/>\n<strong>Lucka nummer 22:<\/strong><br \/>\n<strong>Hur ser inventeringen i ditt liv ut med balansen mellan familj\/k\u00e4rlek\/jobb\/v\u00e4nner\/h\u00e4lsa\/sj\u00e4lvf\u00f6rverkligande?<\/strong><\/p>\n<p>Eeh&#8230; Vill man ens svar p\u00e5 en s\u00e5dan h\u00e4r fr\u00e5ga n\u00e4r man\u00a0\u00e4r arbetsnarkoman? \ud83d\ude09<br \/>\nBalansen mellan dessa punkter m\u00e5ste ju s\u00e5klart utg\u00e5 fr\u00e5n ens egna prioriteringar, och f\u00f6r mig \u00e4r jobbet extremt viktigt och f\u00e5r ta en st\u00f6rre del \u00e4n de andra bitarna utan att jag lider av det. Om jag hade ett jobb jag inte gillade s\u00e5 skulle det vara en annan sak. Jag tror dock att alla m\u00e5r bra av att fundera lite \u00f6ver fr\u00e5gan, f\u00f6r det \u00e4r ju hemskt l\u00e4tt att fastna i ett m\u00f6nster och bara k\u00f6ra p\u00e5, eller t\u00e4nka att det &#8221;blir b\u00e4ttre sedan&#8221;.<\/p>\n<p><strong>Jobb<\/strong> och <strong>sj\u00e4lvf\u00f6rverkligande<\/strong> h\u00e4nger ihop f\u00f6r mig, och det har det alltid gjort. Ibland sk\u00e4ms jag f\u00f6r att jag \u00e4r s\u00e5 egoistisk att jag jobbar med n\u00e5got bara f\u00f6r att det \u00e4r kul. \u00c5 andra sidan skulle m\u00e5nga m\u00e4nniskor m\u00e5 b\u00e4ttre av att vara &#8221;egoistiska&#8221; genom att t.ex. inte bli kvar p\u00e5 ett jobb man hatar. Ingen tackar en f\u00f6r det. Sedan kan man ju vara neutral i fr\u00e5gan, g\u00e5 dit, f\u00e5 l\u00f6n och sedan ha en meningsfull fritid &#8211; om man trivs med det.<\/p>\n<p>Jag tror dock att liite mindre jobb hade varit bra f\u00f6r <strong>h\u00e4lsan.<\/strong> Jag tror faktiskt att jag har varit lite mer ledig det h\u00e4r \u00e5ret, och framf\u00f6rallt effektiviserat bl.a. kurserna, men jag skulle beh\u00f6va bli \u00e4nnu b\u00e4ttre p\u00e5 det. M\u00e5let \u00e4r en<em> helt <\/em>ledig helg varje m\u00e5nad, men jag har inte riktigt klarat det. (Plus str\u00f6dagar!) Framf\u00f6rallt m\u00e5ste jag l\u00e4ra mig att inte f\u00e5 k\u00e4nslan av att jag skolkar n\u00e4r jag inte \u00e4r p\u00e5 jobbet.<\/p>\n<p><strong>Familj, k\u00e4rlek<\/strong> och <strong>v\u00e4nner<\/strong> h\u00f6r ihop p\u00e5 n\u00e5got s\u00e4tt tycker jag. Konstigt nog tycker jag ocks\u00e5 att jag hinner med det s\u00e5 mycket som jag beh\u00f6ver. N\u00e5gra elever fr\u00e5gade f\u00f6r inte s\u00e5 l\u00e4nge sedan hur jag ens orkar \u00e5ka in till stan och tr\u00e4ffa folk ibland, men det \u00e4r en n\u00f6dv\u00e4ndig prioritering f\u00f6r mig. Nu g\u00f6r jag v\u00e4l inte det S\u00c5 ofta, men dels beh\u00f6ver jag milj\u00f6ombytet och sedan tycker jag det \u00e4r v\u00e4ldigt viktigt att vara r\u00e4dd om sina v\u00e4nner. Har dock hellre ett f\u00e5tal som jag litar p\u00e5 och \u00e4r inte mycket f\u00f6r att umg\u00e5s i stora grupper. Ofta blir det s\u00e5 ytligt d\u00e5, och <em>det<\/em> har jag i varje fall inte tid med. Men om jag ska \u00f6nska lite mer av n\u00e5got \u00e4r det kanske att jag och T gjorde lite mer saker utanf\u00f6r g\u00e5rden ibland. Fast honom m\u00e5ste man ju n\u00e4stan sl\u00e4pa fr\u00e5n g\u00e5rden s\u00e5 det \u00e4r inte helt l\u00e4tt. \ud83d\ude09 \u00c4r dock mycket tacksam \u00f6ver att det inte \u00e4r tv\u00e4rtom &#8211; dvs en partner som tjatar om semestrar och att man aldrig \u00e4r hemma. Det hade ju inte g\u00e5tt.<\/p>\n<p><strong>Tv\u00e5 dagar kvar till julafton (och fortfarande f\u00f6rkyld, men i alla fall b\u00e4ttre nu)!<br \/>\n<a href=\"https:\/\/media.ryttarutbildning.se\/2016\/12\/DSC_0934.jpg\"><img loading=\"lazy\" decoding=\"async\" class=\"alignleft size-large wp-image-14664\" src=\"https:\/\/media.ryttarutbildning.se\/2016\/12\/DSC_0934-867x1024.jpg\" alt=\"\" width=\"584\" height=\"690\" srcset=\"https:\/\/media.ryttarutbildning.se\/2016\/12\/DSC_0934-867x1024.jpg 867w, https:\/\/media.ryttarutbildning.se\/2016\/12\/DSC_0934-254x300.jpg 254w, https:\/\/media.ryttarutbildning.se\/2016\/12\/DSC_0934-768x907.jpg 768w, https:\/\/media.ryttarutbildning.se\/2016\/12\/DSC_0934.jpg 1732w\" sizes=\"auto, (max-width: 584px) 100vw, 584px\" \/><\/a><\/strong><\/p>\n","protected":false},"excerpt":{"rendered":"<p>Hoppade \u00f6ver ig\u00e5r, men idag \u00e4r fr\u00e5gan f\u00f6ljande: Lucka nummer 22: Hur ser inventeringen i ditt liv ut med balansen mellan familj\/k\u00e4rlek\/jobb\/v\u00e4nner\/h\u00e4lsa\/sj\u00e4lvf\u00f6rverkligande? Eeh&#8230; Vill man ens svar p\u00e5 en s\u00e5dan h\u00e4r fr\u00e5ga n\u00e4r man\u00a0\u00e4r arbetsnarkoman? \ud83d\ude09 Balansen mellan dessa punkter m\u00e5ste ju s\u00e5klart utg\u00e5 fr\u00e5n ens egna prioriteringar, och f\u00f6r mig \u00e4r jobbet extremt viktigt [&hellip;]<\/p>\n","protected":false},"author":1,"featured_media":0,"comment_status":"open","ping_status":"open","sticky":false,"template":"","format":"standard","meta":{"_exactmetrics_skip_tracking":false,"_exactmetrics_sitenote_active":false,"_exactmetrics_sitenote_note":"","_exactmetrics_sitenote_category":0,"footnotes":""},"categories":[8],"tags":[],"class_list":["post-14731","post","type-post","status-publish","format-standard","hentry","category-privat-ovrigt"],"_links":{"self":[{"href":"https:\/\/ryttarutbildning.se\/index.php?rest_route=\/wp\/v2\/posts\/14731","targetHints":{"allow":["GET"]}}],"collection":[{"href":"https:\/\/ryttarutbildning.se\/index.php?rest_route=\/wp\/v2\/posts"}],"about":[{"href":"https:\/\/ryttarutbildning.se\/index.php?rest_route=\/wp\/v2\/types\/post"}],"author":[{"embeddable":true,"href":"https:\/\/ryttarutbildning.se\/index.php?rest_route=\/wp\/v2\/users\/1"}],"replies":[{"embeddable":true,"href":"https:\/\/ryttarutbildning.se\/index.php?rest_route=%2Fwp%2Fv2%2Fcomments&post=14731"}],"version-history":[{"count":0,"href":"https:\/\/ryttarutbildning.se\/index.php?rest_route=\/wp\/v2\/posts\/14731\/revisions"}],"wp:attachment":[{"href":"https:\/\/ryttarutbildning.se\/index.php?rest_route=%2Fwp%2Fv2%2Fmedia&parent=14731"}],"wp:term":[{"taxonomy":"category","embeddable":true,"href":"https:\/\/ryttarutbildning.se\/index.php?rest_route=%2Fwp%2Fv2%2Fcategories&post=14731"},{"taxonomy":"post_tag","embeddable":true,"href":"https:\/\/ryttarutbildning.se\/index.php?rest_route=%2Fwp%2Fv2%2Ftags&post=14731"}],"curies":[{"name":"wp","href":"https:\/\/api.w.org\/{rel}","templated":true}]}}