{"id":14086,"date":"2016-09-26T09:23:17","date_gmt":"2016-09-26T07:23:17","guid":{"rendered":"http:\/\/ryttarutbildning.se\/?p=14086"},"modified":"2016-09-26T09:23:17","modified_gmt":"2016-09-26T07:23:17","slug":"helgen-45","status":"publish","type":"post","link":"https:\/\/ryttarutbildning.se\/?p=14086","title":{"rendered":"Helgen"},"content":{"rendered":"<p>Den h\u00e4r helgen har varit rolig, men ocks\u00e5 fullsp\u00e4ckad. Kursen har g\u00e5tt bra och h\u00e4starna har sk\u00f6tt sig fint! Vi har fokuserat p\u00e5 skolorna under de h\u00e4r dagarna, samt grundridning \/ r\u00e4tt inverkan. Tror att alla har med sig n\u00e5got hem att jobba vidare med.<br \/>\nDessutom verkade maten uppskattas och det \u00e4r alltid roligt!<\/p>\n<p>Hittade denna kommentar p\u00e5 Instagram fr\u00e5n en av deltagarna:<br \/>\n<em>&#8221;Hemma igen efter en otroligt rolig och l\u00e4rorik kurs! Suvi \u00e4r en suver\u00e4n instrukt\u00f6r, h\u00e4starna \u00e4r s\u00e5 fina, g\u00e5rden ligger otroligt natursk\u00f6nt och vi blev bortsk\u00e4mda med god och delvis egenodlad mat. Hit vill jag \u00e5ka fler g\u00e5nger!&#8221;<br \/>\n<\/em><strong>Tack! <\/strong>\ud83d\ude42<br \/>\n<img loading=\"lazy\" decoding=\"async\" class=\"alignright size-full wp-image-14087\" src=\"https:\/\/media.ryttarutbildning.se\/2016\/09\/14390715_10154594171137704_728674491974171284_n.jpg\" alt=\"14390715_10154594171137704_728674491974171284_n\" width=\"960\" height=\"960\" srcset=\"https:\/\/media.ryttarutbildning.se\/2016\/09\/14390715_10154594171137704_728674491974171284_n.jpg 960w, https:\/\/media.ryttarutbildning.se\/2016\/09\/14390715_10154594171137704_728674491974171284_n-150x150.jpg 150w, https:\/\/media.ryttarutbildning.se\/2016\/09\/14390715_10154594171137704_728674491974171284_n-300x300.jpg 300w, https:\/\/media.ryttarutbildning.se\/2016\/09\/14390715_10154594171137704_728674491974171284_n-768x768.jpg 768w\" sizes=\"auto, (max-width: 960px) 100vw, 960px\" \/>Jag har haft n\u00e5gra privatlektioner ocks\u00e5 den h\u00e4r helgen, och det har varit v\u00e4ldigt bra pass. Annika har ocks\u00e5 varit och t\u00e4vlat och blev ig\u00e5r placerad med <strong>Narayan<\/strong> i en LA3 p\u00e5 65%. Grattis! H\u00e4r har det h\u00e4nt en hel del under \u00e5ret.<\/p>\n<p>Min egen start ig\u00e5r \u00e4r jag p\u00e5 det stora\u00a0hela n\u00f6jd med. Det var lite sp\u00e4nt att t\u00e4vla en ny h\u00e4st och jag v\u00e5gade inte riktigt &#8221;rida&#8221;, f\u00f6r han kan bli lite \u00f6vertaggad ibland. Nu var det en j\u00e4mn ritt och i princip inga missar, och det k\u00e4nns &#8221;lagom&#8221; f\u00f6r att vara en f\u00f6rsta start. Jag tycker kanske att n\u00e5got moment i galoppen hade f\u00f6rtj\u00e4nat lite h\u00f6gre po\u00e4ng, men p\u00e5 det stora hela \u00e4r jag \u00f6verens om kommentarer och siffror i protokollet. Vi ska g\u00f6ra en till start under h\u00f6sten, och f\u00f6rhoppningsvis r\u00e4cker det f\u00f6r att kvala till MsvB. Sedan kommer fokus ligga p\u00e5 att bef\u00e4sta bytena.<br \/>\n<a href=\"https:\/\/media.ryttarutbildning.se\/2016\/09\/DSC_6053-1.jpg\"><img loading=\"lazy\" decoding=\"async\" class=\"alignright size-large wp-image-14088\" src=\"https:\/\/media.ryttarutbildning.se\/2016\/09\/DSC_6053-1-1024x891.jpg\" alt=\"dsc_6053\" width=\"584\" height=\"508\" srcset=\"https:\/\/media.ryttarutbildning.se\/2016\/09\/DSC_6053-1-1024x891.jpg 1024w, https:\/\/media.ryttarutbildning.se\/2016\/09\/DSC_6053-1-300x261.jpg 300w, https:\/\/media.ryttarutbildning.se\/2016\/09\/DSC_6053-1-768x668.jpg 768w, https:\/\/media.ryttarutbildning.se\/2016\/09\/DSC_6053-1-345x300.jpg 345w, https:\/\/media.ryttarutbildning.se\/2016\/09\/DSC_6053-1.jpg 1373w\" sizes=\"auto, (max-width: 584px) 100vw, 584px\" \/><\/a> <img loading=\"lazy\" decoding=\"async\" class=\"alignright size-large wp-image-14089\" src=\"https:\/\/media.ryttarutbildning.se\/2016\/09\/DSC_6078-1-1024x681.jpg\" alt=\"dsc_6078\" width=\"584\" height=\"388\" srcset=\"https:\/\/media.ryttarutbildning.se\/2016\/09\/DSC_6078-1-1024x681.jpg 1024w, https:\/\/media.ryttarutbildning.se\/2016\/09\/DSC_6078-1-300x200.jpg 300w, https:\/\/media.ryttarutbildning.se\/2016\/09\/DSC_6078-1-768x511.jpg 768w, https:\/\/media.ryttarutbildning.se\/2016\/09\/DSC_6078-1-451x300.jpg 451w\" sizes=\"auto, (max-width: 584px) 100vw, 584px\" \/>Idag kommer jag inte rida en enda h\u00e4st utan bara fixa stallet, m\u00e5la f\u00f6nster och lite annat sm\u00e5fix som beh\u00f6vs. Ikv\u00e4ll \u00e4r det tv\u00e5 lektioner som vanligt, men annars \u00e4r den h\u00e4r dagen lugn och det st\u00e5r inte EN ENDA grej i min kalender idag &#8211; det h\u00e4nder i princip aldrig!<br \/>\nResten av den h\u00e4r veckan \u00e4r faktiskt ganska stillsam. Hade t\u00e4nkt t\u00e4vla p\u00e5 s\u00f6ndag men kommer stryka mig. Anea har inte varit helt p\u00e5 topp och jag \u00e4r s\u00e5 n\u00f6jd med v\u00e5ra senaste starter att jag hellre backar av i s\u00e5 fall. Hon \u00e4r ju lite s\u00e5dan att det g\u00e5r i perioder n\u00e4r hon \u00e4r j\u00e4ttefin, och sedan m\u00e5ste vi pausa lite. \u00c4ven om jag \u00e4r van vid det s\u00e5 kan det vara frustrerande n\u00e4r man har en plan, men just nu \u00e4r jag sj\u00e4lv ganska &#8221;klar&#8221; med att t\u00e4vla f\u00f6r i \u00e5r, s\u00e5 det g\u00f6r inget. (Har dock en start kvar i nov som jag fortfarande siktar p\u00e5.)\u00a0Jag har lagt ganska mycket tid p\u00e5 att tr\u00e4na, t\u00e4vla och rida hemma det h\u00e4r \u00e5ret och just nu \u00e4r jag (p\u00e5 riktigt) mer sugen p\u00e5 att hinna med annat p\u00e5 g\u00e5rden och hemma. Jag hade inte passat som beridare eller t\u00e4vlingsryttare, f\u00f6r jag beh\u00f6ver variation. Med andra ord passar det mig bra att driva eget och sj\u00e4lv v\u00e4lja vilka bitar jag vill l\u00e4gga mest fokus p\u00e5 f\u00f6r stunden. Annars tr\u00f6ttnar jag!<\/p>\n<p><a href=\"https:\/\/media.ryttarutbildning.se\/2016\/09\/DSC_6017.jpg\"><img loading=\"lazy\" decoding=\"async\" class=\"alignright size-large wp-image-14077\" src=\"https:\/\/media.ryttarutbildning.se\/2016\/09\/DSC_6017-698x1024.jpg\" alt=\"dsc_6017\" width=\"584\" height=\"857\" srcset=\"https:\/\/media.ryttarutbildning.se\/2016\/09\/DSC_6017-698x1024.jpg 698w, https:\/\/media.ryttarutbildning.se\/2016\/09\/DSC_6017-205x300.jpg 205w, https:\/\/media.ryttarutbildning.se\/2016\/09\/DSC_6017-768x1126.jpg 768w, https:\/\/media.ryttarutbildning.se\/2016\/09\/DSC_6017.jpg 1840w\" sizes=\"auto, (max-width: 584px) 100vw, 584px\" \/><\/a> <img loading=\"lazy\" decoding=\"async\" class=\"alignright size-large wp-image-14090\" src=\"https:\/\/media.ryttarutbildning.se\/2016\/09\/DSC_6035-e1474874494612-681x1024.jpg\" alt=\"dsc_6035\" width=\"584\" height=\"878\" srcset=\"https:\/\/media.ryttarutbildning.se\/2016\/09\/DSC_6035-e1474874494612-681x1024.jpg 681w, https:\/\/media.ryttarutbildning.se\/2016\/09\/DSC_6035-e1474874494612-199x300.jpg 199w, https:\/\/media.ryttarutbildning.se\/2016\/09\/DSC_6035-e1474874494612-768x1155.jpg 768w, https:\/\/media.ryttarutbildning.se\/2016\/09\/DSC_6035-e1474874494612.jpg 2000w\" sizes=\"auto, (max-width: 584px) 100vw, 584px\" \/>Avslutningsvis tv\u00e5 bilder fr\u00e5n mitt k\u00f6kf\u00f6nster, l\u00f6r och s\u00f6n morgon. Helt ok utsikt!<\/p>\n","protected":false},"excerpt":{"rendered":"<p>Den h\u00e4r helgen har varit rolig, men ocks\u00e5 fullsp\u00e4ckad. Kursen har g\u00e5tt bra och h\u00e4starna har sk\u00f6tt sig fint! Vi har fokuserat p\u00e5 skolorna under de h\u00e4r dagarna, samt grundridning \/ r\u00e4tt inverkan. Tror att alla har med sig n\u00e5got hem att jobba vidare med. Dessutom verkade maten uppskattas och det \u00e4r alltid roligt! Hittade [&hellip;]<\/p>\n","protected":false},"author":1,"featured_media":0,"comment_status":"open","ping_status":"open","sticky":false,"template":"","format":"standard","meta":{"_exactmetrics_skip_tracking":false,"_exactmetrics_sitenote_active":false,"_exactmetrics_sitenote_note":"","_exactmetrics_sitenote_category":0,"footnotes":""},"categories":[18,8,5],"tags":[],"class_list":["post-14086","post","type-post","status-publish","format-standard","hentry","category-min-dag","category-privat-ovrigt","category-traning-och-tavling"],"_links":{"self":[{"href":"https:\/\/ryttarutbildning.se\/index.php?rest_route=\/wp\/v2\/posts\/14086","targetHints":{"allow":["GET"]}}],"collection":[{"href":"https:\/\/ryttarutbildning.se\/index.php?rest_route=\/wp\/v2\/posts"}],"about":[{"href":"https:\/\/ryttarutbildning.se\/index.php?rest_route=\/wp\/v2\/types\/post"}],"author":[{"embeddable":true,"href":"https:\/\/ryttarutbildning.se\/index.php?rest_route=\/wp\/v2\/users\/1"}],"replies":[{"embeddable":true,"href":"https:\/\/ryttarutbildning.se\/index.php?rest_route=%2Fwp%2Fv2%2Fcomments&post=14086"}],"version-history":[{"count":0,"href":"https:\/\/ryttarutbildning.se\/index.php?rest_route=\/wp\/v2\/posts\/14086\/revisions"}],"wp:attachment":[{"href":"https:\/\/ryttarutbildning.se\/index.php?rest_route=%2Fwp%2Fv2%2Fmedia&parent=14086"}],"wp:term":[{"taxonomy":"category","embeddable":true,"href":"https:\/\/ryttarutbildning.se\/index.php?rest_route=%2Fwp%2Fv2%2Fcategories&post=14086"},{"taxonomy":"post_tag","embeddable":true,"href":"https:\/\/ryttarutbildning.se\/index.php?rest_route=%2Fwp%2Fv2%2Ftags&post=14086"}],"curies":[{"name":"wp","href":"https:\/\/api.w.org\/{rel}","templated":true}]}}