{"id":13246,"date":"2016-05-30T08:11:12","date_gmt":"2016-05-30T06:11:12","guid":{"rendered":"http:\/\/ryttarutbildning.se\/?p=13246"},"modified":"2016-05-30T08:11:12","modified_gmt":"2016-05-30T06:11:12","slug":"sommarplaner","status":"publish","type":"post","link":"https:\/\/ryttarutbildning.se\/?p=13246","title":{"rendered":"Sommarplaner"},"content":{"rendered":"<p>Nu verkar v\u00e4dret v\u00e4nda \u00e5t det varmare h\u00e5llet igen, s\u00e5 snart l\u00e5ter jag mina h\u00e4star sova ute. Tror jag v\u00e4ntar till efter helgen dock, pga att b\u00e5de Anea, Fantasi och Harry ska t\u00e4vla. De brukar bli lite tr\u00f6tta i b\u00f6rjan av omst\u00e4llningen s\u00e5 det \u00e4r dumt att sl\u00e4ppa ut dem innan de ska prestera. N\u00e4r de v\u00e4l \u00e4r vana brukar jag bara ta in natten f\u00f6re t\u00e4vling, annars sover de ute juni-juli-augusti, om v\u00e4dret till\u00e5ter.<\/p>\n<p>Bara semester \/ bete blir det vecka 27-28 f\u00f6r mina h\u00e4star, n\u00e4r jag ocks\u00e5 passar p\u00e5 att vara ledig. Det kommer dock anpassas lite utifr\u00e5n h\u00e4starna. <strong>Harry, Zigge, Diza<\/strong> och <strong>Fantasi<\/strong> ska bara vila. <strong>Anea<\/strong> brukar f\u00e5 en vecka, och sedan longering \/ ridas ut, s\u00e5 det inte ska bli f\u00f6r l\u00e5ng paus (ger hellre flera pauser under \u00e5ret).<strong> Calle<\/strong> och<strong> Iffi<\/strong> (18 och 20 \u00e5r) ska <em>absolut inte<\/em> vila tv\u00e5 veckor. De m\u00e5ste r\u00f6ra p\u00e5 sig ca varannan dag, s\u00e5 vill n\u00e5gon passa p\u00e5 att rida ut under den h\u00e4r perioden kan ni s\u00e4ga till. <strong>Affe<\/strong> vet jag inte hur jag ska g\u00f6ra med? Det \u00e5terst\u00e5r att se. Vill inte sl\u00e4ppa ihop honom med de andra valackarna, som nu \u00e4ntligen verkar ha lugnat sig (var ganska tjafsiga mot varandra ett tag) och dessutom verkar han dra av sig skor i tid och otid. D\u00e4rf\u00f6r \u00e4r jag tveksam att sl\u00e4ppa honom i mina st\u00f6rsta beteshagar d\u00e4r det \u00e4r s\u00e5 kuperat, diken, r\u00f6tter mm. Tror risken \u00e4r st\u00f6rre att skorna ryker d\u00e4r. I och f\u00f6r sig kanske man kan ta av dem helt en period, men fr\u00e5gan \u00e4r om hovarna h\u00e5ller f\u00f6r det?<\/p>\n<p>Mina egna planer \u00e4r f\u00f6rst\u00e5s Gotland under vecka 27, som vanligt! Hoppas p\u00e5 att den h\u00e4r sommaren bjuder p\u00e5 lite mer sol \u00e4n f\u00f6rra. Idag ser det i alla fall ut att bli en fin dag och tr\u00e4ning f\u00f6r Nina st\u00e5r p\u00e5 mitt schema. Hoppas p\u00e5 att min rygg ska h\u00e5lla den h\u00e4r veckan nu bara. Har gjort n\u00e5got nu igen s\u00e5 i vissa l\u00e4gen g\u00f6r det riktigt ont, men jag verkar kunna rida i alla fall. Tror hur som helst att det inte \u00e4r bra att vara stilla, men har sv\u00e5rt att b\u00f6ja mig ner, s\u00e5 det \u00e4r ju tur att man rider dressyr och inte sysslar med voltige.<br \/>\n<a href=\"https:\/\/media.ryttarutbildning.se\/2016\/05\/DSC_5859.jpg\"><img loading=\"lazy\" decoding=\"async\" class=\"aligncenter size-large wp-image-13285\" src=\"https:\/\/media.ryttarutbildning.se\/2016\/05\/DSC_5859-1024x681.jpg\" alt=\"DSC_5859\" width=\"584\" height=\"388\" srcset=\"https:\/\/media.ryttarutbildning.se\/2016\/05\/DSC_5859-1024x681.jpg 1024w, https:\/\/media.ryttarutbildning.se\/2016\/05\/DSC_5859-300x199.jpg 300w, https:\/\/media.ryttarutbildning.se\/2016\/05\/DSC_5859-451x300.jpg 451w\" sizes=\"auto, (max-width: 584px) 100vw, 584px\" \/><\/a><\/p>\n","protected":false},"excerpt":{"rendered":"<p>Nu verkar v\u00e4dret v\u00e4nda \u00e5t det varmare h\u00e5llet igen, s\u00e5 snart l\u00e5ter jag mina h\u00e4star sova ute. Tror jag v\u00e4ntar till efter helgen dock, pga att b\u00e5de Anea, Fantasi och Harry ska t\u00e4vla. De brukar bli lite tr\u00f6tta i b\u00f6rjan av omst\u00e4llningen s\u00e5 det \u00e4r dumt att sl\u00e4ppa ut dem innan de ska prestera. N\u00e4r [&hellip;]<\/p>\n","protected":false},"author":1,"featured_media":0,"comment_status":"open","ping_status":"open","sticky":false,"template":"","format":"standard","meta":{"_exactmetrics_skip_tracking":false,"_exactmetrics_sitenote_active":false,"_exactmetrics_sitenote_note":"","_exactmetrics_sitenote_category":0,"footnotes":""},"categories":[7,8],"tags":[],"class_list":["post-13246","post","type-post","status-publish","format-standard","hentry","category-hastarna","category-privat-ovrigt"],"_links":{"self":[{"href":"https:\/\/ryttarutbildning.se\/index.php?rest_route=\/wp\/v2\/posts\/13246","targetHints":{"allow":["GET"]}}],"collection":[{"href":"https:\/\/ryttarutbildning.se\/index.php?rest_route=\/wp\/v2\/posts"}],"about":[{"href":"https:\/\/ryttarutbildning.se\/index.php?rest_route=\/wp\/v2\/types\/post"}],"author":[{"embeddable":true,"href":"https:\/\/ryttarutbildning.se\/index.php?rest_route=\/wp\/v2\/users\/1"}],"replies":[{"embeddable":true,"href":"https:\/\/ryttarutbildning.se\/index.php?rest_route=%2Fwp%2Fv2%2Fcomments&post=13246"}],"version-history":[{"count":0,"href":"https:\/\/ryttarutbildning.se\/index.php?rest_route=\/wp\/v2\/posts\/13246\/revisions"}],"wp:attachment":[{"href":"https:\/\/ryttarutbildning.se\/index.php?rest_route=%2Fwp%2Fv2%2Fmedia&parent=13246"}],"wp:term":[{"taxonomy":"category","embeddable":true,"href":"https:\/\/ryttarutbildning.se\/index.php?rest_route=%2Fwp%2Fv2%2Fcategories&post=13246"},{"taxonomy":"post_tag","embeddable":true,"href":"https:\/\/ryttarutbildning.se\/index.php?rest_route=%2Fwp%2Fv2%2Ftags&post=13246"}],"curies":[{"name":"wp","href":"https:\/\/api.w.org\/{rel}","templated":true}]}}