{"id":12879,"date":"2016-04-12T19:02:01","date_gmt":"2016-04-12T17:02:01","guid":{"rendered":"http:\/\/ryttarutbildning.se\/?p=12879"},"modified":"2016-04-13T07:09:45","modified_gmt":"2016-04-13T05:09:45","slug":"harliga-var-2","status":"publish","type":"post","link":"https:\/\/ryttarutbildning.se\/?p=12879","title":{"rendered":"H\u00e4rliga v\u00e5r!"},"content":{"rendered":"<p><a href=\"https:\/\/media.ryttarutbildning.se\/2016\/04\/DSC_3142-e1460480351571.jpg\"><img loading=\"lazy\" decoding=\"async\" class=\"aligncenter size-large wp-image-12880\" src=\"https:\/\/media.ryttarutbildning.se\/2016\/04\/DSC_3142-e1460480351571-681x1024.jpg\" alt=\"DSC_3142\" width=\"584\" height=\"878\" srcset=\"https:\/\/media.ryttarutbildning.se\/2016\/04\/DSC_3142-e1460480351571-681x1024.jpg 681w, https:\/\/media.ryttarutbildning.se\/2016\/04\/DSC_3142-e1460480351571-199x300.jpg 199w, https:\/\/media.ryttarutbildning.se\/2016\/04\/DSC_3142-e1460480351571.jpg 2000w\" sizes=\"auto, (max-width: 584px) 100vw, 584px\" \/><\/a>\u00c4ntligen v\u00e4rme och sol och det b\u00f6rjar blomma \u00f6verallt! Idag har n\u00e5gra h\u00e4star sluppit sina t\u00e4cken i hagen och de blev minst sagt glada f\u00f6r det. Jag \u00e4r dock v\u00e5rtr\u00f6tt numera, tror jag. Antingen \u00e4r det n\u00e5got med ljuset, eller s\u00e5 \u00e4r det helt enkelt s\u00e5 att jag tycker \/ tror att jag ska hinna med \u00e4nnu mer n\u00e4r dagarna blir l\u00e4ngre, och d\u00e5 jobbar jag mer.\u00a0Man har ju s\u00e5 mycket att g\u00f6ra nu helt pl\u00f6tsligt!<br \/>\nJag b\u00f6rjade skriva p\u00e5 ett inl\u00e4gg om med &#8211; och motg\u00e5ngar i ridningen, men ins\u00e5g att det nog skulle ta en stund att fila p\u00e5. Skriver klart ikv\u00e4ll, om jag orkar. Nu m\u00e5ste jag n\u00e4mligen ner till kv\u00e4llens lektioner!<\/p>\n","protected":false},"excerpt":{"rendered":"<p>\u00c4ntligen v\u00e4rme och sol och det b\u00f6rjar blomma \u00f6verallt! Idag har n\u00e5gra h\u00e4star sluppit sina t\u00e4cken i hagen och de blev minst sagt glada f\u00f6r det. Jag \u00e4r dock v\u00e5rtr\u00f6tt numera, tror jag. Antingen \u00e4r det n\u00e5got med ljuset, eller s\u00e5 \u00e4r det helt enkelt s\u00e5 att jag tycker \/ tror att jag ska hinna [&hellip;]<\/p>\n","protected":false},"author":1,"featured_media":0,"comment_status":"open","ping_status":"open","sticky":false,"template":"","format":"standard","meta":{"_exactmetrics_skip_tracking":false,"_exactmetrics_sitenote_active":false,"_exactmetrics_sitenote_note":"","_exactmetrics_sitenote_category":0,"footnotes":""},"categories":[8],"tags":[],"class_list":["post-12879","post","type-post","status-publish","format-standard","hentry","category-privat-ovrigt"],"_links":{"self":[{"href":"https:\/\/ryttarutbildning.se\/index.php?rest_route=\/wp\/v2\/posts\/12879","targetHints":{"allow":["GET"]}}],"collection":[{"href":"https:\/\/ryttarutbildning.se\/index.php?rest_route=\/wp\/v2\/posts"}],"about":[{"href":"https:\/\/ryttarutbildning.se\/index.php?rest_route=\/wp\/v2\/types\/post"}],"author":[{"embeddable":true,"href":"https:\/\/ryttarutbildning.se\/index.php?rest_route=\/wp\/v2\/users\/1"}],"replies":[{"embeddable":true,"href":"https:\/\/ryttarutbildning.se\/index.php?rest_route=%2Fwp%2Fv2%2Fcomments&post=12879"}],"version-history":[{"count":0,"href":"https:\/\/ryttarutbildning.se\/index.php?rest_route=\/wp\/v2\/posts\/12879\/revisions"}],"wp:attachment":[{"href":"https:\/\/ryttarutbildning.se\/index.php?rest_route=%2Fwp%2Fv2%2Fmedia&parent=12879"}],"wp:term":[{"taxonomy":"category","embeddable":true,"href":"https:\/\/ryttarutbildning.se\/index.php?rest_route=%2Fwp%2Fv2%2Fcategories&post=12879"},{"taxonomy":"post_tag","embeddable":true,"href":"https:\/\/ryttarutbildning.se\/index.php?rest_route=%2Fwp%2Fv2%2Ftags&post=12879"}],"curies":[{"name":"wp","href":"https:\/\/api.w.org\/{rel}","templated":true}]}}