{"id":12590,"date":"2016-02-29T10:41:42","date_gmt":"2016-02-29T08:41:42","guid":{"rendered":"http:\/\/ryttarutbildning.se\/?p=12590"},"modified":"2016-02-29T10:41:42","modified_gmt":"2016-02-29T08:41:42","slug":"helgen-37","status":"publish","type":"post","link":"https:\/\/ryttarutbildning.se\/?p=12590","title":{"rendered":"Helgen"},"content":{"rendered":"<p>Att vila p\u00e5 helgen h\u00e4nder inte s\u00e5 ofta. Den h\u00e4r helgen har jag haft det mesta i stallet sj\u00e4lv (utom insl\u00e4ppet ig\u00e5r), ett dagl\u00e4ger samt att jag\u00a0har t\u00e4vlat. D\u00e4rf\u00f6r t\u00e4nker jag ta en lugn m\u00e5ndag och inte rida ens (tror jag&#8230;). Kommer l\u00e4gga lite kontorstid ist\u00e4llet och ev \u00e5ka iv\u00e4g p\u00e5 n\u00e5gra \u00e4renden.<\/p>\n<p>Dagl\u00e4gret i l\u00f6rdags gick bra. Den h\u00e4r g\u00e5ngen fick alla rida tv\u00e5 olika h\u00e4star med fokus p\u00e5 hur man hittar knapparna p\u00e5 respektive h\u00e4st, och att &#8221;komma till ridning&#8221;, vilket jag tycker de gjorde bra! Jag har haft hj\u00e4lp med mat i helgen av Torbj\u00f6rns mamma och det var r\u00e4tt sk\u00f6nt att slippa det momentet. Dessutom blev vi bortsk\u00e4mda med middag b\u00e5de fredag och l\u00f6rdag, lyxigt!<\/p>\n<p>Ig\u00e5r t\u00e4vlade jag i S\u00f6dert\u00e4lje, en nationell St Georges. F\u00f6rsta starten f\u00f6r \u00e5ret k\u00e4nns alltid lite rostig tycker jag, s\u00e5 \u00e4ven denna g\u00e5ng. Hon var r\u00e4tt fin p\u00e5 framridningen, men sp\u00e4nd som en fiolstr\u00e4ng p\u00e5 banan. Och tyv\u00e4rr \u00e4r inte det helt ovanligt. Jag tycker \u00e4nd\u00e5 att jag sj\u00e4lv red s\u00e5 bra jag kunde, jag blev inte sp\u00e4nd sj\u00e4lv utan f\u00f6rs\u00f6kte verkligen inverka \u00e4nd\u00e5 och rida utifr\u00e5n f\u00f6ruts\u00e4ttningarna.<\/p>\n<p>Jag hade inga superf\u00f6rv\u00e4ntningar, utan t\u00e4nkte att runt 63% \u00e4r ok f\u00f6r att vara f\u00f6rsta starten. Vi hamnade p\u00e5 62,67% s\u00e5 det var ju inte l\u00e5ngt ifr\u00e5n. Men jag b\u00f6rjar k\u00e4nna mig lite tr\u00f6tt p\u00e5 att hon ofta blir s\u00e5 sp\u00e4nd. P\u00e5 framridningen \u00e4r hon alltid lugn och inte ett dugg tittig, men ofta blir det sp\u00e4nt p\u00e5 banan. Jag tror inte det h\u00e4nger s\u00e5 mycket p\u00e5 mig just nu, f\u00f6r jag \u00e4r inte nerv\u00f6s l\u00e4ngre och jag har en mycket b\u00e4ttre inst\u00e4llning n\u00e4r det blir problem. Nu f\u00f6rs\u00f6kte jag t\u00e4nka att jag ska galoppera in och inte l\u00e5ta henne sp\u00e4nna sig, men jag kom en halv l\u00e5ngsida och sedan slog hon p\u00e5 en tv\u00e4rnit vid domaren och jag fick skritta f\u00f6rbi och g\u00f6ra halter&#8230; (innan startsignal allts\u00e5). Jag kan inte heller s\u00e4ga att jag ser ett m\u00f6nster, ibland \u00e4r hon bra ute, ibland bra inne&#8230; Men jag TROR att det \u00e4r som v\u00e4rst n\u00e4r domarna sitter nere i ridhuset, vilket de gjorde nu, och \u00e4ven min senaste start i Eskilstuna d\u00e4r hon ocks\u00e5 var sp\u00e4nd. Tyv\u00e4rr kan man ju inte undvika den situationen.<\/p>\n<p>Jag t\u00e4nker naturligtvis inte kasta in handduken efter en halvd\u00e5lig start p\u00e5 s\u00e4songen. F\u00f6rra \u00e5ret startade vi med den h\u00e4r procenten i MsvB5 och slutade med att starta Intermediere, s\u00e5 man vet ju inte hur utvecklingen blir det h\u00e4r \u00e5ret. Det gr\u00e4mer mig dock att hon blivit s\u00e5 pass mycket finare i tr\u00e4ningen men det blir kort och sp\u00e4nt p\u00e5 banan. Nu har jag funderat ett varv till och det \u00e4r fr\u00e5gan om jag ska v\u00e5ga testa med tr\u00e4ns n\u00e4sta g\u00e5ng. I f\u00f6rrg\u00e5r red jag p\u00e5 tr\u00e4ns och jag tror jag klarar det tekniska hyfsat \u00e4ven p\u00e5 tr\u00e4ns. Den st\u00f6rsta skillnaden \u00e4r dock formen, hon tar mjukare kontakt och jag f\u00e5r mer &#8221;tag&#8221; p\u00e5 henne. Tidigare har jag resonerat att om hon blir stark p\u00e5 banan s\u00e5 m\u00e5ste jag ha kandaret. Nu undrar jag om det inte \u00e4r kandaret som g\u00f6r henne stark? S\u00e5 k\u00e4ndes det i alla fall ig\u00e5r. Halvhalterna g\u00e5r inte igenom utan hon kryper hellre in med nosen och blir l\u00e5ng bakom sadeln (= \u00e4ven sp\u00e4nd i ryggen).\u00a0Med tr\u00e4nset h\u00e5ller hon fortfarande halsen i ett b\u00e4ttre l\u00e4ge. Jag har faktiskt &#8221;r\u00e5d&#8221; att chansa och g\u00f6ra en start p\u00e5 tr\u00e4ns och se hur det g\u00e5r. Om det inte funkar alls f\u00e5r jag v\u00e4l utg\u00e5. Jag m\u00e5ste i alla fall prova, f\u00f6r om hon nu trivs b\u00e4ttre med det s\u00e5 kanske en hel del sp\u00e4nningar sl\u00e4pper. Nu \u00e4r det ju trots allt till\u00e5tet att rida p\u00e5 tr\u00e4ns i alla klasser, s\u00e5 det vore ju dumt att inte testa. Det f\u00e5r helt enkelt bli n\u00e4sta grej att g\u00e5 vidare med.<br \/>\n<a href=\"https:\/\/media.ryttarutbildning.se\/2016\/02\/DSC_2076.jpg\"><img loading=\"lazy\" decoding=\"async\" class=\"aligncenter size-large wp-image-12591\" src=\"https:\/\/media.ryttarutbildning.se\/2016\/02\/DSC_2076-1024x811.jpg\" alt=\"DSC_2076\" width=\"584\" height=\"463\" srcset=\"https:\/\/media.ryttarutbildning.se\/2016\/02\/DSC_2076-1024x811.jpg 1024w, https:\/\/media.ryttarutbildning.se\/2016\/02\/DSC_2076-300x238.jpg 300w, https:\/\/media.ryttarutbildning.se\/2016\/02\/DSC_2076-379x300.jpg 379w\" sizes=\"auto, (max-width: 584px) 100vw, 584px\" \/><\/a><\/p>\n","protected":false},"excerpt":{"rendered":"<p>Att vila p\u00e5 helgen h\u00e4nder inte s\u00e5 ofta. Den h\u00e4r helgen har jag haft det mesta i stallet sj\u00e4lv (utom insl\u00e4ppet ig\u00e5r), ett dagl\u00e4ger samt att jag\u00a0har t\u00e4vlat. D\u00e4rf\u00f6r t\u00e4nker jag ta en lugn m\u00e5ndag och inte rida ens (tror jag&#8230;). Kommer l\u00e4gga lite kontorstid ist\u00e4llet och ev \u00e5ka iv\u00e4g p\u00e5 n\u00e5gra \u00e4renden. Dagl\u00e4gret i [&hellip;]<\/p>\n","protected":false},"author":1,"featured_media":0,"comment_status":"open","ping_status":"open","sticky":false,"template":"","format":"standard","meta":{"_exactmetrics_skip_tracking":false,"_exactmetrics_sitenote_active":false,"_exactmetrics_sitenote_note":"","_exactmetrics_sitenote_category":0,"footnotes":""},"categories":[5],"tags":[],"class_list":["post-12590","post","type-post","status-publish","format-standard","hentry","category-traning-och-tavling"],"_links":{"self":[{"href":"https:\/\/ryttarutbildning.se\/index.php?rest_route=\/wp\/v2\/posts\/12590","targetHints":{"allow":["GET"]}}],"collection":[{"href":"https:\/\/ryttarutbildning.se\/index.php?rest_route=\/wp\/v2\/posts"}],"about":[{"href":"https:\/\/ryttarutbildning.se\/index.php?rest_route=\/wp\/v2\/types\/post"}],"author":[{"embeddable":true,"href":"https:\/\/ryttarutbildning.se\/index.php?rest_route=\/wp\/v2\/users\/1"}],"replies":[{"embeddable":true,"href":"https:\/\/ryttarutbildning.se\/index.php?rest_route=%2Fwp%2Fv2%2Fcomments&post=12590"}],"version-history":[{"count":0,"href":"https:\/\/ryttarutbildning.se\/index.php?rest_route=\/wp\/v2\/posts\/12590\/revisions"}],"wp:attachment":[{"href":"https:\/\/ryttarutbildning.se\/index.php?rest_route=%2Fwp%2Fv2%2Fmedia&parent=12590"}],"wp:term":[{"taxonomy":"category","embeddable":true,"href":"https:\/\/ryttarutbildning.se\/index.php?rest_route=%2Fwp%2Fv2%2Fcategories&post=12590"},{"taxonomy":"post_tag","embeddable":true,"href":"https:\/\/ryttarutbildning.se\/index.php?rest_route=%2Fwp%2Fv2%2Ftags&post=12590"}],"curies":[{"name":"wp","href":"https:\/\/api.w.org\/{rel}","templated":true}]}}