{"id":1108,"date":"2011-04-29T20:18:00","date_gmt":"2011-04-29T18:18:00","guid":{"rendered":"http:\/\/ryttarutbildning.se\/?p=1108"},"modified":"2011-04-29T20:18:47","modified_gmt":"2011-04-29T18:18:47","slug":"fol-pa-antuna","status":"publish","type":"post","link":"https:\/\/ryttarutbildning.se\/?p=1108","title":{"rendered":"F\u00f6l p\u00e5 Antuna"},"content":{"rendered":"<p><a href=\"https:\/\/media.ryttarutbildning.se\/2011\/04\/DSCN1805.jpg\"><img loading=\"lazy\" decoding=\"async\" class=\"alignleft size-medium wp-image-1109\" src=\"https:\/\/media.ryttarutbildning.se\/2011\/04\/DSCN1805-300x246.jpg\" alt=\"\" width=\"300\" height=\"246\" srcset=\"https:\/\/media.ryttarutbildning.se\/2011\/04\/DSCN1805-300x246.jpg 300w, https:\/\/media.ryttarutbildning.se\/2011\/04\/DSCN1805-1024x840.jpg 1024w, https:\/\/media.ryttarutbildning.se\/2011\/04\/DSCN1805.jpg 1878w\" sizes=\"auto, (max-width: 300px) 100vw, 300px\" \/><\/a>Carl-Gustafs h\u00e4st Zebra f\u00f6lade p\u00e5 l\u00e5ngfredagen, bebisen heter &#8221;Graciosa&#8221;. H\u00e4r kommer lite bilder p\u00e5 den lilla s\u00f6ta! Hon har n\u00e4stan lika l\u00e5nga ben som mamma, m\u00e5ste vara jobbigt att g\u00e5 p\u00e5 stilettklackar hela dagarna&#8230;<\/p>\n<p>Nu n\u00e4r jag bor p\u00e5 landet och har eget stall och egen mark och fem ston s\u00e5 k\u00e4nns det som om man sj\u00e4lv borde ta f\u00f6l p\u00e5 n\u00e5gon av dem s\u00e5 sm\u00e5ningom. Har egentligen inte varit s\u00e5 intresserad av avel f\u00f6rut men det vore roligt att f\u00f6lja en h\u00e4st helt fr\u00e5n start. I \u00e5r blir det inga s\u00e5dana projekt, det r\u00e4cker \u00e4nd\u00e5, men n\u00e4sta \u00e5r kanske?<\/p>\n<p><a href=\"https:\/\/media.ryttarutbildning.se\/2011\/04\/DSCN1809.jpg\"><img loading=\"lazy\" decoding=\"async\" class=\"aligncenter size-medium wp-image-1110\" src=\"https:\/\/media.ryttarutbildning.se\/2011\/04\/DSCN1809-300x208.jpg\" alt=\"\" width=\"300\" height=\"208\" srcset=\"https:\/\/media.ryttarutbildning.se\/2011\/04\/DSCN1809-300x208.jpg 300w, https:\/\/media.ryttarutbildning.se\/2011\/04\/DSCN1809-1024x711.jpg 1024w\" sizes=\"auto, (max-width: 300px) 100vw, 300px\" \/><\/a><\/p>\n","protected":false},"excerpt":{"rendered":"<p>Carl-Gustafs h\u00e4st Zebra f\u00f6lade p\u00e5 l\u00e5ngfredagen, bebisen heter &#8221;Graciosa&#8221;. H\u00e4r kommer lite bilder p\u00e5 den lilla s\u00f6ta! Hon har n\u00e4stan lika l\u00e5nga ben som mamma, m\u00e5ste vara jobbigt att g\u00e5 p\u00e5 stilettklackar hela dagarna&#8230; Nu n\u00e4r jag bor p\u00e5 landet och har eget stall och egen mark och fem ston s\u00e5 k\u00e4nns det som om [&hellip;]<\/p>\n","protected":false},"author":1,"featured_media":0,"comment_status":"open","ping_status":"open","sticky":false,"template":"","format":"standard","meta":{"_exactmetrics_skip_tracking":false,"_exactmetrics_sitenote_active":false,"_exactmetrics_sitenote_note":"","_exactmetrics_sitenote_category":0,"footnotes":""},"categories":[1],"tags":[],"class_list":["post-1108","post","type-post","status-publish","format-standard","hentry","category-uncategorized"],"_links":{"self":[{"href":"https:\/\/ryttarutbildning.se\/index.php?rest_route=\/wp\/v2\/posts\/1108","targetHints":{"allow":["GET"]}}],"collection":[{"href":"https:\/\/ryttarutbildning.se\/index.php?rest_route=\/wp\/v2\/posts"}],"about":[{"href":"https:\/\/ryttarutbildning.se\/index.php?rest_route=\/wp\/v2\/types\/post"}],"author":[{"embeddable":true,"href":"https:\/\/ryttarutbildning.se\/index.php?rest_route=\/wp\/v2\/users\/1"}],"replies":[{"embeddable":true,"href":"https:\/\/ryttarutbildning.se\/index.php?rest_route=%2Fwp%2Fv2%2Fcomments&post=1108"}],"version-history":[{"count":0,"href":"https:\/\/ryttarutbildning.se\/index.php?rest_route=\/wp\/v2\/posts\/1108\/revisions"}],"wp:attachment":[{"href":"https:\/\/ryttarutbildning.se\/index.php?rest_route=%2Fwp%2Fv2%2Fmedia&parent=1108"}],"wp:term":[{"taxonomy":"category","embeddable":true,"href":"https:\/\/ryttarutbildning.se\/index.php?rest_route=%2Fwp%2Fv2%2Fcategories&post=1108"},{"taxonomy":"post_tag","embeddable":true,"href":"https:\/\/ryttarutbildning.se\/index.php?rest_route=%2Fwp%2Fv2%2Ftags&post=1108"}],"curies":[{"name":"wp","href":"https:\/\/api.w.org\/{rel}","templated":true}]}}