{"id":10963,"date":"2015-07-27T13:08:13","date_gmt":"2015-07-27T11:08:13","guid":{"rendered":"http:\/\/ryttarutbildning.se\/?p=10963"},"modified":"2015-07-27T13:11:21","modified_gmt":"2015-07-27T11:11:21","slug":"helgens-kurs-6","status":"publish","type":"post","link":"https:\/\/ryttarutbildning.se\/?p=10963","title":{"rendered":"Helgens kurs"},"content":{"rendered":"<p>N\u00e5gra bilder fr\u00e5n helgens kurs. Temat har varit sits och inverkan s\u00e5 det har blivit ett pass p\u00e5 lina och ridning utan stigbyglar bl.a. Jag tycker det blev stor skillnad p\u00e5 ryttarna bara p\u00e5 dessa dagar, s\u00e5 det var v\u00e4ldigt roligt! H\u00e4sten p\u00e5 bilderna l\u00e4ngst ner \u00e4r h\u00e4r p\u00e5 prov under sommaren, jag h\u00e5ller er underr\u00e4ttade om huruvida han blir kvar eller inte.<br \/>\n<a href=\"https:\/\/media.ryttarutbildning.se\/2015\/07\/DSC_8705.jpg\"><img loading=\"lazy\" decoding=\"async\" class=\"aligncenter size-large wp-image-10965\" src=\"https:\/\/media.ryttarutbildning.se\/2015\/07\/DSC_8705-1024x585.jpg\" alt=\"DSC_8705\" width=\"584\" height=\"334\" srcset=\"https:\/\/media.ryttarutbildning.se\/2015\/07\/DSC_8705-1024x585.jpg 1024w, https:\/\/media.ryttarutbildning.se\/2015\/07\/DSC_8705-300x171.jpg 300w, https:\/\/media.ryttarutbildning.se\/2015\/07\/DSC_8705-500x285.jpg 500w\" sizes=\"auto, (max-width: 584px) 100vw, 584px\" \/><\/a><a href=\"https:\/\/media.ryttarutbildning.se\/2015\/07\/DSC_8711.jpg\"><img loading=\"lazy\" decoding=\"async\" class=\"aligncenter size-large wp-image-10966\" src=\"https:\/\/media.ryttarutbildning.se\/2015\/07\/DSC_8711-785x1024.jpg\" alt=\"DSC_8711\" width=\"584\" height=\"762\" srcset=\"https:\/\/media.ryttarutbildning.se\/2015\/07\/DSC_8711-785x1024.jpg 785w, https:\/\/media.ryttarutbildning.se\/2015\/07\/DSC_8711-230x300.jpg 230w, https:\/\/media.ryttarutbildning.se\/2015\/07\/DSC_8711.jpg 1530w\" sizes=\"auto, (max-width: 584px) 100vw, 584px\" \/><\/a><a href=\"https:\/\/media.ryttarutbildning.se\/2015\/07\/DSC_8716.jpg\"><img loading=\"lazy\" decoding=\"async\" class=\"aligncenter size-large wp-image-10967\" src=\"https:\/\/media.ryttarutbildning.se\/2015\/07\/DSC_8716-1024x681.jpg\" alt=\"DSC_8716\" width=\"584\" height=\"388\" srcset=\"https:\/\/media.ryttarutbildning.se\/2015\/07\/DSC_8716-1024x681.jpg 1024w, https:\/\/media.ryttarutbildning.se\/2015\/07\/DSC_8716-300x200.jpg 300w, https:\/\/media.ryttarutbildning.se\/2015\/07\/DSC_8716-451x300.jpg 451w\" sizes=\"auto, (max-width: 584px) 100vw, 584px\" \/><\/a><a href=\"https:\/\/media.ryttarutbildning.se\/2015\/07\/DSC_8726.jpg\"><img loading=\"lazy\" decoding=\"async\" class=\"aligncenter size-large wp-image-10968\" src=\"https:\/\/media.ryttarutbildning.se\/2015\/07\/DSC_8726-1024x816.jpg\" alt=\"DSC_8726\" width=\"584\" height=\"465\" srcset=\"https:\/\/media.ryttarutbildning.se\/2015\/07\/DSC_8726-1024x816.jpg 1024w, https:\/\/media.ryttarutbildning.se\/2015\/07\/DSC_8726-300x239.jpg 300w, https:\/\/media.ryttarutbildning.se\/2015\/07\/DSC_8726-376x300.jpg 376w\" sizes=\"auto, (max-width: 584px) 100vw, 584px\" \/><\/a><a href=\"https:\/\/media.ryttarutbildning.se\/2015\/07\/DSC_8692.jpg\"><img loading=\"lazy\" decoding=\"async\" class=\"aligncenter size-large wp-image-10964\" src=\"https:\/\/media.ryttarutbildning.se\/2015\/07\/DSC_8692-784x1024.jpg\" alt=\"DSC_8692\" width=\"584\" height=\"763\" srcset=\"https:\/\/media.ryttarutbildning.se\/2015\/07\/DSC_8692-784x1024.jpg 784w, https:\/\/media.ryttarutbildning.se\/2015\/07\/DSC_8692-230x300.jpg 230w, https:\/\/media.ryttarutbildning.se\/2015\/07\/DSC_8692.jpg 2000w\" sizes=\"auto, (max-width: 584px) 100vw, 584px\" \/><\/a><em>Blev s\u00e5 himla glad f\u00f6r det h\u00e4r omd\u00f6met som eleverna l\u00e4mnat i v\u00e5r g\u00e4stbok: <\/em><\/p>\n<p><strong><em>&#8221;Tack f\u00f6r en trevlig och l\u00e4rorik helg. Tror aldrig vi ridit s\u00e5 mycket med s\u00e5 h\u00f6g kvalit\u00e9 p\u00e5 alla ridpass. Undervisning p\u00e5 h\u00f6g niv\u00e5. Tack \u00e4n en g\u00e5ng.&#8221;<\/em><\/strong><\/p>\n<p>D\u00e5 k\u00e4nner man att man f\u00e5r ny energi att jobba vidare med! Tack!!<\/p>\n","protected":false},"excerpt":{"rendered":"<p>N\u00e5gra bilder fr\u00e5n helgens kurs. Temat har varit sits och inverkan s\u00e5 det har blivit ett pass p\u00e5 lina och ridning utan stigbyglar bl.a. Jag tycker det blev stor skillnad p\u00e5 ryttarna bara p\u00e5 dessa dagar, s\u00e5 det var v\u00e4ldigt roligt! H\u00e4sten p\u00e5 bilderna l\u00e4ngst ner \u00e4r h\u00e4r p\u00e5 prov under sommaren, jag h\u00e5ller er [&hellip;]<\/p>\n","protected":false},"author":1,"featured_media":0,"comment_status":"open","ping_status":"open","sticky":false,"template":"","format":"standard","meta":{"_exactmetrics_skip_tracking":false,"_exactmetrics_sitenote_active":false,"_exactmetrics_sitenote_note":"","_exactmetrics_sitenote_category":0,"footnotes":""},"categories":[18,8],"tags":[],"class_list":["post-10963","post","type-post","status-publish","format-standard","hentry","category-min-dag","category-privat-ovrigt"],"_links":{"self":[{"href":"https:\/\/ryttarutbildning.se\/index.php?rest_route=\/wp\/v2\/posts\/10963","targetHints":{"allow":["GET"]}}],"collection":[{"href":"https:\/\/ryttarutbildning.se\/index.php?rest_route=\/wp\/v2\/posts"}],"about":[{"href":"https:\/\/ryttarutbildning.se\/index.php?rest_route=\/wp\/v2\/types\/post"}],"author":[{"embeddable":true,"href":"https:\/\/ryttarutbildning.se\/index.php?rest_route=\/wp\/v2\/users\/1"}],"replies":[{"embeddable":true,"href":"https:\/\/ryttarutbildning.se\/index.php?rest_route=%2Fwp%2Fv2%2Fcomments&post=10963"}],"version-history":[{"count":0,"href":"https:\/\/ryttarutbildning.se\/index.php?rest_route=\/wp\/v2\/posts\/10963\/revisions"}],"wp:attachment":[{"href":"https:\/\/ryttarutbildning.se\/index.php?rest_route=%2Fwp%2Fv2%2Fmedia&parent=10963"}],"wp:term":[{"taxonomy":"category","embeddable":true,"href":"https:\/\/ryttarutbildning.se\/index.php?rest_route=%2Fwp%2Fv2%2Fcategories&post=10963"},{"taxonomy":"post_tag","embeddable":true,"href":"https:\/\/ryttarutbildning.se\/index.php?rest_route=%2Fwp%2Fv2%2Ftags&post=10963"}],"curies":[{"name":"wp","href":"https:\/\/api.w.org\/{rel}","templated":true}]}}