{"id":10776,"date":"2015-06-28T07:30:24","date_gmt":"2015-06-28T05:30:24","guid":{"rendered":"http:\/\/ryttarutbildning.se\/?p=10776"},"modified":"2015-06-28T07:30:24","modified_gmt":"2015-06-28T05:30:24","slug":"snart-semester","status":"publish","type":"post","link":"https:\/\/ryttarutbildning.se\/?p=10776","title":{"rendered":"Snart semester!"},"content":{"rendered":"<p><a href=\"https:\/\/media.ryttarutbildning.se\/2015\/06\/DSC_8335.jpg\"><img loading=\"lazy\" decoding=\"async\" class=\"aligncenter size-large wp-image-10777\" src=\"https:\/\/media.ryttarutbildning.se\/2015\/06\/DSC_8335-939x1024.jpg\" alt=\"DSC_8335\" width=\"584\" height=\"637\" srcset=\"https:\/\/media.ryttarutbildning.se\/2015\/06\/DSC_8335-939x1024.jpg 939w, https:\/\/media.ryttarutbildning.se\/2015\/06\/DSC_8335-275x300.jpg 275w, https:\/\/media.ryttarutbildning.se\/2015\/06\/DSC_8335.jpg 1633w\" sizes=\"auto, (max-width: 584px) 100vw, 584px\" \/><\/a>Nu \u00e4r det bara en dag kvar att jobba, ikv\u00e4ll \u00e5ker vi till Gotland f\u00f6r att vara borta ca en vecka. Ska bli s\u00e5 sk\u00f6nt! Nu ser det ut som om sommaren \u00e4r p\u00e5 G ocks\u00e5, hoppas det h\u00e5ller i sig.<\/p>\n<p>Idag ska jag rida lite, avsluta helgkursen och installera en h\u00e4st som ska vara h\u00e4r i tv\u00e5 veckor medan \u00e4garen har semester. Och s\u00e5 se till att allt h\u00e4r hemma \u00e4r under kontroll, samt packa. Torbj\u00f6rns f\u00f6r\u00e4ldrar bor h\u00e4r medan vi \u00e4r borta, s\u00e5 de tar hand om katter och v\u00e4xter. V\u00e4ldigt sn\u00e4llt!<\/p>\n<p><strong>Om det \u00e4r n\u00e5gon som \u00e5ker bort i sommar och vill st\u00e4lla h\u00e4sten h\u00e4r under semestern (ridning g\u00e5r ocks\u00e5 att l\u00f6sa), s\u00e5 kan ni h\u00f6ra av er. Jag b\u00f6rjar jobba vecka 29 igen, och har plats kvar. Skicka mail i s\u00e5 fall till info@ryttarutbildning.se<\/strong><\/p>\n","protected":false},"excerpt":{"rendered":"<p>Nu \u00e4r det bara en dag kvar att jobba, ikv\u00e4ll \u00e5ker vi till Gotland f\u00f6r att vara borta ca en vecka. Ska bli s\u00e5 sk\u00f6nt! Nu ser det ut som om sommaren \u00e4r p\u00e5 G ocks\u00e5, hoppas det h\u00e5ller i sig. Idag ska jag rida lite, avsluta helgkursen och installera en h\u00e4st som ska vara [&hellip;]<\/p>\n","protected":false},"author":1,"featured_media":0,"comment_status":"open","ping_status":"open","sticky":false,"template":"","format":"standard","meta":{"_exactmetrics_skip_tracking":false,"_exactmetrics_sitenote_active":false,"_exactmetrics_sitenote_note":"","_exactmetrics_sitenote_category":0,"footnotes":""},"categories":[19,8],"tags":[],"class_list":["post-10776","post","type-post","status-publish","format-standard","hentry","category-information","category-privat-ovrigt"],"_links":{"self":[{"href":"https:\/\/ryttarutbildning.se\/index.php?rest_route=\/wp\/v2\/posts\/10776","targetHints":{"allow":["GET"]}}],"collection":[{"href":"https:\/\/ryttarutbildning.se\/index.php?rest_route=\/wp\/v2\/posts"}],"about":[{"href":"https:\/\/ryttarutbildning.se\/index.php?rest_route=\/wp\/v2\/types\/post"}],"author":[{"embeddable":true,"href":"https:\/\/ryttarutbildning.se\/index.php?rest_route=\/wp\/v2\/users\/1"}],"replies":[{"embeddable":true,"href":"https:\/\/ryttarutbildning.se\/index.php?rest_route=%2Fwp%2Fv2%2Fcomments&post=10776"}],"version-history":[{"count":0,"href":"https:\/\/ryttarutbildning.se\/index.php?rest_route=\/wp\/v2\/posts\/10776\/revisions"}],"wp:attachment":[{"href":"https:\/\/ryttarutbildning.se\/index.php?rest_route=%2Fwp%2Fv2%2Fmedia&parent=10776"}],"wp:term":[{"taxonomy":"category","embeddable":true,"href":"https:\/\/ryttarutbildning.se\/index.php?rest_route=%2Fwp%2Fv2%2Fcategories&post=10776"},{"taxonomy":"post_tag","embeddable":true,"href":"https:\/\/ryttarutbildning.se\/index.php?rest_route=%2Fwp%2Fv2%2Ftags&post=10776"}],"curies":[{"name":"wp","href":"https:\/\/api.w.org\/{rel}","templated":true}]}}