{"id":10756,"date":"2015-06-25T23:30:05","date_gmt":"2015-06-25T21:30:05","guid":{"rendered":"http:\/\/ryttarutbildning.se\/?p=10756"},"modified":"2015-06-25T23:30:05","modified_gmt":"2015-06-25T21:30:05","slug":"terminens-sista-traning","status":"publish","type":"post","link":"https:\/\/ryttarutbildning.se\/?p=10756","title":{"rendered":"Terminens sista tr\u00e4ning"},"content":{"rendered":"<p>Idag var det dags f\u00f6r terminens sista tr\u00e4ning f\u00f6r Nina. Jag har anm\u00e4lt Anea till \u00d6verby i helgen, och ville st\u00e4mma av lite inf\u00f6r helgen. Om det hade varit fantastiskt idag hade jag valt t\u00e4vling p\u00e5 l\u00f6rdag, men magk\u00e4nslan h\u00f6ll i sig &#8211; jag stryker mig.<\/p>\n<p>Passet idag fick vara l\u00f6sg\u00f6rande och i rundare form. Lite skolor och n\u00e5gra byten \/ serier. Nina pushade vidare lite \u00e4nd\u00e5, hon ville peta lite med sp\u00f6t p\u00e5 Anea f\u00f6r att f\u00f6rbereda f\u00f6r piaff (i framtiden f\u00e5r man s\u00e4ga) och vi red lite &#8221;passage-aktig&#8221; trav. Hann \u00e4ven med byten i vartannat, som hon g\u00f6r v\u00e4ldigt lydigt, men lite svajigt.<\/p>\n<p>Det kanske l\u00e5ter som ett rej\u00e4lt tr\u00e4nings-pass, men det var v\u00e4ldigt lugnt och mer i &#8221;jogg-form&#8221;. Saken \u00e4r den att Anea \u00e4r tr\u00f6tt. Hon har egentligen presterat l\u00e5ngt \u00f6ver \u00e5rets m\u00e5l (tyckte Nina ocks\u00e5), och utvecklats massor &#8211; men det \u00e4r klart det tar p\u00e5 krafterna. S\u00e5 ist\u00e4llet f\u00f6r att &#8221;trycka runt&#8221; henne p\u00e5 t\u00e4vling p\u00e5 l\u00f6rdag s\u00e5 t\u00e4nker jag ge henne vila nu med ett bra tr\u00e4ningspass i minnet (hoppas jag) och s\u00e5 f\u00e5r hon sm\u00e4lta allt ett tag. Jag tror fortfarande att Anea \u00e4r en &#8221;LA-h\u00e4st&#8221; (som jag t\u00e4nkte fr\u00e5n b\u00f6rjan) &#8211; men som nu g\u00e5r MsvA\u00a0&#8211; och d\u00e4rf\u00f6r m\u00e5ste jag skynda l\u00e5ngsamt och bygga upp henne fr\u00e5n hennes f\u00f6ruts\u00e4ttningar. Och nu k\u00e4nner jag att vi n\u00e5tt ett litet stopp. Om jag vill t\u00e4nka l\u00e5ngsiktigt s\u00e5 v\u00e4ljer jag att lyssna p\u00e5 henne och pausa nu.<\/p>\n<p>Lite synd, f\u00f6r \u00d6verby \u00e4r n\u00e4ra och jag sj\u00e4lv k\u00e4nner att jag \u00e4r peppad p\u00e5 att f\u00f6rs\u00f6ka komma vidare. MEN om inte h\u00e4sten \u00e4r p\u00e5 G s\u00e5 \u00e4r risken att jag bara blir besviken. Mitt n\u00e4sta m\u00e5l \u00e4r att rida p\u00e5 \u00f6ver 65% men ocks\u00e5 med en bra k\u00e4nsla p\u00e5 banan (oerh\u00f6rt sv\u00e5rt!), s\u00e5 jag kommer inte hetsa. Ibland tycker\u00a0jag att jag k\u00e4nner efter f\u00f6r mycket och \u00e4r lite bl\u00f6dig, men samtidigt st\u00e5r jag fast vid att jag inte vill t\u00e4vla om inte h\u00e4sten k\u00e4nns &#8221;good enough&#8221;! Det har inte med resultat att g\u00f6ra &#8211; endast att jag vill t\u00e4vla med ett gott samvete.<br \/>\n<a href=\"https:\/\/media.ryttarutbildning.se\/2015\/06\/11377135_10154060579428636_225078449978805773_n.jpg\"><img loading=\"lazy\" decoding=\"async\" class=\"aligncenter size-full wp-image-10757\" src=\"https:\/\/media.ryttarutbildning.se\/2015\/06\/11377135_10154060579428636_225078449978805773_n.jpg\" alt=\"11377135_10154060579428636_225078449978805773_n\" width=\"960\" height=\"651\" srcset=\"https:\/\/media.ryttarutbildning.se\/2015\/06\/11377135_10154060579428636_225078449978805773_n.jpg 960w, https:\/\/media.ryttarutbildning.se\/2015\/06\/11377135_10154060579428636_225078449978805773_n-300x203.jpg 300w, https:\/\/media.ryttarutbildning.se\/2015\/06\/11377135_10154060579428636_225078449978805773_n-442x300.jpg 442w\" sizes=\"auto, (max-width: 960px) 100vw, 960px\" \/><\/a><em>Det blir bete nu, enligt damens \u00f6nskem\u00e5l!<\/em><\/p>\n","protected":false},"excerpt":{"rendered":"<p>Idag var det dags f\u00f6r terminens sista tr\u00e4ning f\u00f6r Nina. Jag har anm\u00e4lt Anea till \u00d6verby i helgen, och ville st\u00e4mma av lite inf\u00f6r helgen. Om det hade varit fantastiskt idag hade jag valt t\u00e4vling p\u00e5 l\u00f6rdag, men magk\u00e4nslan h\u00f6ll i sig &#8211; jag stryker mig. Passet idag fick vara l\u00f6sg\u00f6rande och i rundare form. [&hellip;]<\/p>\n","protected":false},"author":1,"featured_media":0,"comment_status":"open","ping_status":"open","sticky":false,"template":"","format":"standard","meta":{"_exactmetrics_skip_tracking":false,"_exactmetrics_sitenote_active":false,"_exactmetrics_sitenote_note":"","_exactmetrics_sitenote_category":0,"footnotes":""},"categories":[7,5],"tags":[],"class_list":["post-10756","post","type-post","status-publish","format-standard","hentry","category-hastarna","category-traning-och-tavling"],"_links":{"self":[{"href":"https:\/\/ryttarutbildning.se\/index.php?rest_route=\/wp\/v2\/posts\/10756","targetHints":{"allow":["GET"]}}],"collection":[{"href":"https:\/\/ryttarutbildning.se\/index.php?rest_route=\/wp\/v2\/posts"}],"about":[{"href":"https:\/\/ryttarutbildning.se\/index.php?rest_route=\/wp\/v2\/types\/post"}],"author":[{"embeddable":true,"href":"https:\/\/ryttarutbildning.se\/index.php?rest_route=\/wp\/v2\/users\/1"}],"replies":[{"embeddable":true,"href":"https:\/\/ryttarutbildning.se\/index.php?rest_route=%2Fwp%2Fv2%2Fcomments&post=10756"}],"version-history":[{"count":0,"href":"https:\/\/ryttarutbildning.se\/index.php?rest_route=\/wp\/v2\/posts\/10756\/revisions"}],"wp:attachment":[{"href":"https:\/\/ryttarutbildning.se\/index.php?rest_route=%2Fwp%2Fv2%2Fmedia&parent=10756"}],"wp:term":[{"taxonomy":"category","embeddable":true,"href":"https:\/\/ryttarutbildning.se\/index.php?rest_route=%2Fwp%2Fv2%2Fcategories&post=10756"},{"taxonomy":"post_tag","embeddable":true,"href":"https:\/\/ryttarutbildning.se\/index.php?rest_route=%2Fwp%2Fv2%2Ftags&post=10756"}],"curies":[{"name":"wp","href":"https:\/\/api.w.org\/{rel}","templated":true}]}}