{"id":10754,"date":"2015-06-29T15:20:08","date_gmt":"2015-06-29T13:20:08","guid":{"rendered":"http:\/\/ryttarutbildning.se\/?p=10754"},"modified":"2015-06-29T15:20:08","modified_gmt":"2015-06-29T13:20:08","slug":"mitt-hastliv-del-sju","status":"publish","type":"post","link":"https:\/\/ryttarutbildning.se\/?p=10754","title":{"rendered":"Mitt h\u00e4stliv &#8211; del sju"},"content":{"rendered":"<p>&nbsp;<\/p>\n<p>Dags att snart runda av ber\u00e4ttelsen om mitt h\u00e4stliv. F\u00f6rra delen kan ni l\u00e4sa <a href=\"https:\/\/ryttarutbildning.se\/?p=10477\">h\u00e4r.<br \/>\n<\/a><a href=\"https:\/\/media.ryttarutbildning.se\/2015\/06\/DSCN0144.jpg\"><img loading=\"lazy\" decoding=\"async\" class=\"aligncenter size-large wp-image-10792\" src=\"https:\/\/media.ryttarutbildning.se\/2015\/06\/DSCN0144-1024x768.jpg\" alt=\"DSCN0144\" width=\"584\" height=\"438\" srcset=\"https:\/\/media.ryttarutbildning.se\/2015\/06\/DSCN0144-1024x768.jpg 1024w, https:\/\/media.ryttarutbildning.se\/2015\/06\/DSCN0144-300x225.jpg 300w, https:\/\/media.ryttarutbildning.se\/2015\/06\/DSCN0144-400x300.jpg 400w\" sizes=\"auto, (max-width: 584px) 100vw, 584px\" \/><\/a>Jag kommer aldrig gl\u00f6mma n\u00e4r jag s\u00f6kte jobb hos <strong>Pether Markne\u00a0<\/strong>och <strong>Per Sandgaard.<\/strong> Jag\u00a0k\u00e4nde mig f\u00e4rdig\u00a0med\u00a0att jobba p\u00e5 ridskola och beh\u00f6vde en nyt\u00e4ndning, men att flytta utomlands och satsa p\u00e5 det s\u00e4ttet k\u00e4ndes inte helt lockande vid 27 \u00e5rs \u00e5lder. Jag fick tips av en v\u00e4n att ringa Pether f\u00f6r hon hade h\u00f6rt att det var ett bra st\u00e4lle att jobba p\u00e5. Jag ringde \u00e4ven p\u00e5 en annons till ett annat st\u00e4lle som jag tittade p\u00e5 i Sk\u00e5ne, men hj\u00e4lp, det var otroligt sunkigt. Jag fick k\u00e4nslan av \u201dh\u00e4stfabrik\u201d, dessutom \u00e5t man med familjen (k\u00e4nns inte alls ok f\u00f6r mig) och man skulle DELA RUM med en till!!! Det finns gr\u00e4nser f\u00f6r hur mycket man kan offra f\u00f6r konsten.<\/p>\n<p>Jag tror jag hade en enorm tur med det h\u00e4r jobbet. F\u00f6r det f\u00f6rsta svarade Pether i telefonen p\u00e5 en g\u00e5ng n\u00e4r jag ringde (vilket antagligen \u00e4r en g\u00e5ng p\u00e5 hundra?), och f\u00f6r det andra beh\u00f6vde de personal just precis d\u00e5! Vi best\u00e4mde att jag skulle komma och titta p\u00e5 jobbet, men n\u00e4r jag h\u00f6rde av mig igen hade han f\u00f6rst\u00e5s gl\u00f6mt bort det. Hur som helst kom jag iv\u00e4g till slut.<br \/>\n<a href=\"https:\/\/media.ryttarutbildning.se\/2015\/06\/DSCN0145.jpg\"><img loading=\"lazy\" decoding=\"async\" class=\"aligncenter size-large wp-image-10789\" src=\"https:\/\/media.ryttarutbildning.se\/2015\/06\/DSCN0145-1024x768.jpg\" alt=\"DSCN0145\" width=\"584\" height=\"438\" srcset=\"https:\/\/media.ryttarutbildning.se\/2015\/06\/DSCN0145-1024x768.jpg 1024w, https:\/\/media.ryttarutbildning.se\/2015\/06\/DSCN0145-300x225.jpg 300w, https:\/\/media.ryttarutbildning.se\/2015\/06\/DSCN0145-400x300.jpg 400w\" sizes=\"auto, (max-width: 584px) 100vw, 584px\" \/><\/a>\u00a0\u00a0\u00a0\u00a0\u00a0\u00a0\u00a0\u00a0\u00a0\u00a0\u00a0\u00a0\u00a0\u00a0\u00a0\u00a0\u00a0\u00a0\u00a0\u00a0\u00a0\u00a0\u00a0\u00a0\u00a0\u00a0\u00a0\u00a0\u00a0\u00a0\u00a0\u00a0\u00a0\u00a0\u00a0\u00a0\u00a0\u00a0\u00a0\u00a0\u00a0\u00a0\u00a0\u00a0\u00a0\u00a0\u00a0\u00a0\u00a0\u00a0\u00a0\u00a0 <em>Ing\u00e5ngen till stallet.<\/em><\/p>\n<p>Mitt f\u00f6rsta intryck av <strong>Arphus<\/strong> var att det var v\u00e4ldigt vackert men samtidigt mysigt. Inte bara \u201dlyx\u201d utan ocks\u00e5 hemtrevligt. Jag tittade p\u00e5 n\u00e4r Pether red och det k\u00e4ndes som att jag hade hittat r\u00e4tt grej h\u00e4r, h\u00e4r var det verkligen effektiv ridning som g\u00e4llde. Pether visade mig runt och var v\u00e4ldigt trevlig och saklig, men ocks\u00e5 tydlig med att \u201ddet h\u00e4r \u00e4r ingen spr\u00e5ngbr\u00e4da mot n\u00e5got annat\u201d (ordagrannt) och att jag minsann inte skulle tro att jag skulle komma dit och bara rida utan det var mocka hagar som g\u00e4llde (inte helt ordagrannt). Tr\u00e4ffade Per ocks\u00e5 och \u00e4ven han f\u00f6rs\u00f6kte skr\u00e4mma bort mig s\u00e5 gott han kunde. Jag tror hela grejen var att de tyckte jag var gammal och att de misst\u00e4nkte att jag hade j\u00e4tteh\u00f6ga f\u00f6rv\u00e4ntningar&#8230; \ud83d\ude09<\/p>\n<p>Man kan tro att h\u00e4r skulle man ha v\u00e4nt p\u00e5 klacken, men n\u00e4r jag \u00e5kte hem hade jag best\u00e4mt mig p\u00e5 en g\u00e5ng. Det var som att komma hem! Jag k\u00e4nde ett s\u00e5dant d\u00e4r lyckorus i hela magen (som man f\u00e5r en g\u00e5ng vartannat \u00e5r kanske om man \u00e4r lite negativt lagd, som jag), n\u00e4stan som att vara k\u00e4r, och log hela bilresan hem.<\/p>\n<p>Sedan \u00e5terstod att hyra ut l\u00e4genheten i andra hand (igen), och s\u00e4ga upp sig. Ett stort, men f\u00f6r mig, n\u00f6dv\u00e4ndigt beslut.<br \/>\n<a href=\"https:\/\/media.ryttarutbildning.se\/2015\/06\/DSCN0146.jpg\"><img loading=\"lazy\" decoding=\"async\" class=\"aligncenter size-large wp-image-10790\" src=\"https:\/\/media.ryttarutbildning.se\/2015\/06\/DSCN0146-1024x768.jpg\" alt=\"DSCN0146\" width=\"584\" height=\"438\" srcset=\"https:\/\/media.ryttarutbildning.se\/2015\/06\/DSCN0146-1024x768.jpg 1024w, https:\/\/media.ryttarutbildning.se\/2015\/06\/DSCN0146-300x225.jpg 300w, https:\/\/media.ryttarutbildning.se\/2015\/06\/DSCN0146-400x300.jpg 400w\" sizes=\"auto, (max-width: 584px) 100vw, 584px\" \/><\/a>Jag b\u00f6rjade jobba p\u00e5 Arphus. F\u00f6rst var det bara jag och en kille p\u00e5 19 \u00e5r, men efter ett par veckor kom en tjej till i hans \u00e5lder. Vi bodde i en liten l\u00e4genhet ovanp\u00e5 stallet, med varsitt rum men delat badrum och k\u00f6k. Av n\u00e5gon anledning fick jag det absolut minsta rummet, kanske f\u00f6r att jag bara hade t\u00e4nkt stanna en stund eller n\u00e5got? Fast en stund blev tv\u00e5 \u00e5r. Och alla andra i personalen hann bytas ut mot nya. S\u00e5 vid 27 \u00e5rs \u00e5lder hade jag sagt upp mig fr\u00e5n en fast tj\u00e4nst, hyrt ut min l\u00e4genhet och flyttat till ett litet kyffe som jag delade med ett par ton\u00e5ringar. Men, vi hade faktiskt hemskt roligt tillsammans.<\/p>\n<p>Jobbet innebar verkligen allt. Vi hade ett tjugotal h\u00e4star att sk\u00f6ta, allts\u00e5 mocka, fodra, ta ut och in osv. Dessutom skulle vi g\u00f6ra i ordning h\u00e4star \u00e5t Per och Pether n\u00e4r de skulle rida. Sedan skulle n\u00e5gra av dessa h\u00e4star promeneras minst en g\u00e5ng till varje dag. Vi hade ocks\u00e5 \u201degna\u201d h\u00e4star att rida eller longera. Det var massa ben att linda varje kv\u00e4ll och ca 40 lindor att linda upp varje morgon. Alla tr\u00e4ns och sadlar skulle putsas varje dag efter ridning. Vi var ocks\u00e5 ansvariga f\u00f6r att h\u00e5lla g\u00e5rden i snyggt skick, kratta, sopa, rensa ogr\u00e4s p\u00e5 ridbanan \u2013 just det, sladda ridhus och ridbana varje dag, vattna ridbanorna, tv\u00e4tta stallf\u00f6nster och boxar osv. Plus att det var vi som h\u00f6ll ordning p\u00e5 skoningar, vaccinationer (man vill og\u00e4rna missa att vaccinera en t\u00e4vlingsh\u00e4st), foderink\u00f6p, t\u00f6mning av stacken och containern. Sa jag att vi bara var tre? Ibland tv\u00e5 om n\u00e5gon var ledig eller hade f\u00f6ljt med p\u00e5 t\u00e4vling.<\/p>\n<p>Om man d\u00e5, som jag, \u00e4r ett kontrollfreak, s\u00e5\u00a0kan man bli lite\u00a0stressad. Jag hatar ocks\u00e5 att f\u00e5 order om saker s\u00e5 helst g\u00f6r jag grejerna innan n\u00e5gon hinner s\u00e4ga till. Att f\u00f6rs\u00f6ka f\u00f6rekomma tv\u00e5 perfektionister som P och P tar en del p\u00e5 krafterna vill jag lova. \ud83d\ude09<br \/>\n<a href=\"https:\/\/media.ryttarutbildning.se\/2015\/06\/DSC_0187.jpg\"><img loading=\"lazy\" decoding=\"async\" class=\"aligncenter size-large wp-image-10787\" src=\"https:\/\/media.ryttarutbildning.se\/2015\/06\/DSC_0187-1024x681.jpg\" alt=\"DSC_0187\" width=\"584\" height=\"388\" srcset=\"https:\/\/media.ryttarutbildning.se\/2015\/06\/DSC_0187-1024x681.jpg 1024w, https:\/\/media.ryttarutbildning.se\/2015\/06\/DSC_0187-300x199.jpg 300w, https:\/\/media.ryttarutbildning.se\/2015\/06\/DSC_0187-451x300.jpg 451w\" sizes=\"auto, (max-width: 584px) 100vw, 584px\" \/><\/a> <a href=\"https:\/\/media.ryttarutbildning.se\/2015\/06\/DSC_0014.jpg\"><img loading=\"lazy\" decoding=\"async\" class=\"aligncenter size-large wp-image-10786\" src=\"https:\/\/media.ryttarutbildning.se\/2015\/06\/DSC_0014-1024x681.jpg\" alt=\"DSC_0014\" width=\"584\" height=\"388\" srcset=\"https:\/\/media.ryttarutbildning.se\/2015\/06\/DSC_0014-1024x681.jpg 1024w, https:\/\/media.ryttarutbildning.se\/2015\/06\/DSC_0014-300x199.jpg 300w, https:\/\/media.ryttarutbildning.se\/2015\/06\/DSC_0014-451x300.jpg 451w\" sizes=\"auto, (max-width: 584px) 100vw, 584px\" \/><\/a><\/p>\n<p><em>Firade jul p\u00e5 Arphus &#8211; familjen fick packa sig iv\u00e4g dit eftersom jag jobbade.<\/em><br \/>\n<em>\u00a0\u00a0\u00a0\u00a0\u00a0\u00a0\u00a0\u00a0\u00a0\u00a0\u00a0\u00a0\u00a0\u00a0\u00a0\u00a0\u00a0\u00a0\u00a0\u00a0\u00a0\u00a0\u00a0\u00a0\u00a0\u00a0\u00a0\u00a0 (De har \u00e4ven firat jul p\u00e5 Flyinge.)<\/em><\/p>\n<p><strong>Bortsett fr\u00e5n att det var ett tungt jobb med l\u00e5nga dagar och mycket ansvar s\u00e5 var det fantastiskt.<\/strong> Jag hade aldrig varit d\u00e4r i tv\u00e5 \u00e5r annars. Jag fick rida riktigt fina h\u00e4star, n\u00e5gra i miljonklassen och utbildade upp till sv\u00e5r klass. \u201dMin\u201d tj\u00e4nsteh\u00e4st var en riktig l\u00e4rom\u00e4stare som gjorde i princip allt. S\u00e5 p\u00e5 n\u00e5got s\u00e4tt s\u00e5 uppv\u00e4gdes allt det tunga av privilegiet att rida s\u00e5dana h\u00e4star som man aldrig i sitt liv kommer kunna k\u00f6pa.<\/p>\n<p>Per och Pether \u00e4r ocks\u00e5 s\u00e5dana underbara m\u00e4nniskor. Jag har f\u00e5tt v\u00e4ldigt mycket av dem, b\u00e5de vad g\u00e4ller ridningen, men \u00e4ven p\u00e5 det personliga planet.<br \/>\n<a href=\"https:\/\/media.ryttarutbildning.se\/2015\/06\/DSC_1371.jpg\"><img loading=\"lazy\" decoding=\"async\" class=\"aligncenter size-large wp-image-10785\" src=\"https:\/\/media.ryttarutbildning.se\/2015\/06\/DSC_1371-1024x916.jpg\" alt=\"DSC_1371\" width=\"584\" height=\"522\" srcset=\"https:\/\/media.ryttarutbildning.se\/2015\/06\/DSC_1371-1024x916.jpg 1024w, https:\/\/media.ryttarutbildning.se\/2015\/06\/DSC_1371-300x268.jpg 300w, https:\/\/media.ryttarutbildning.se\/2015\/06\/DSC_1371-335x300.jpg 335w, https:\/\/media.ryttarutbildning.se\/2015\/06\/DSC_1371.jpg 1425w\" sizes=\"auto, (max-width: 584px) 100vw, 584px\" \/><\/a> <a href=\"https:\/\/media.ryttarutbildning.se\/2015\/06\/DSC_1154.jpg\"><img loading=\"lazy\" decoding=\"async\" class=\"aligncenter size-large wp-image-10784\" src=\"https:\/\/media.ryttarutbildning.se\/2015\/06\/DSC_1154-1024x936.jpg\" alt=\"DSC_1154\" width=\"584\" height=\"534\" srcset=\"https:\/\/media.ryttarutbildning.se\/2015\/06\/DSC_1154-1024x936.jpg 1024w, https:\/\/media.ryttarutbildning.se\/2015\/06\/DSC_1154-300x274.jpg 300w, https:\/\/media.ryttarutbildning.se\/2015\/06\/DSC_1154-328x300.jpg 328w, https:\/\/media.ryttarutbildning.se\/2015\/06\/DSC_1154.jpg 1906w\" sizes=\"auto, (max-width: 584px) 100vw, 584px\" \/><\/a>Efter ungef\u00e4r ett och halvt \u00e5r, mitt i vintern, s\u00e5 br\u00f6t jag ihop av tr\u00f6tthet. Ingenting var roligt l\u00e4ngre. Jag tyckte inte det var n\u00e5gon mening att rida, jag stod till slut och gr\u00e4t n\u00e4r jag mockade. Jag t\u00e4nkte mycket p\u00e5 att starta eget men tyckte inte det var n\u00e5gon id\u00e9. Jag googlade p\u00e5 \u201dkonkurrenter\u201d och alla verkade ju ha ridit OS allra minst s\u00e5 jag t\u00e4nkte att det inte fanns n\u00e5gon plats f\u00f6r mig i branschen helt enkelt. Eftersom jag \u00e4r usel p\u00e5 att ljuga s\u00e5 var jag tvungen att ber\u00e4tta hur d\u00e5ligt jag m\u00e5dde, f\u00f6r jag kunde inte l\u00e5tsas. Jag hade en bild av h\u00e4stv\u00e4rlden (som jag fortfarande har) \u2013 och den \u00e4r: man f\u00e5r aldrig vara sjuk, man ska inte gn\u00e4lla, h\u00e4starna g\u00e5r f\u00f6rst. Var stark och visa aldrig n\u00e5gra veka sidor! S\u00e4rskilt inte inf\u00f6r din chef, antar jag. En dag ringde Pether och undrade hur det stod till egentligen, och jag sa att jag m\u00e5dde d\u00e5ligt, men att jag kunde bita ihop s\u00e5 l\u00e4nge det var okej att jag kanske gr\u00e4t ibland. Jag trodde han skulle sk\u00e4lla ut mig, men han sa \u201dta ledigt en vecka\u201d, och dessutom hj\u00e4lpte han mig att f\u00e5 prata med en person som var van att coacha andra. Detta hade jag aldrig f\u00f6rv\u00e4ntat mig &#8211; det betydde v\u00e4ldigt mycket just d\u00e5.<\/p>\n<p>Jag trodde aldrig att det skulle vara okej att bryta ihop s\u00e5d\u00e4r, men jag fick liksom till\u00e5telse att g\u00f6ra det, och komma tillbaka. Och bara att veta att jag var v\u00e4lkommen \u00e4nd\u00e5 gjorde en enorm skillnad f\u00f6r mig d\u00e5. Det \u00e4r s\u00e5dant jag \u00e4r tacksam \u00f6ver, f\u00f6rutom att jag fick bra ridhj\u00e4lp p\u00e5 fina h\u00e4star. Jag tror jag utvecklades v\u00e4ldigt mycket den h\u00e4r tiden, fast det m\u00e4rktes nog inte s\u00e5 mycket f\u00f6rr\u00e4n efter\u00e5t.<\/p>\n<p>Det var \u00e4ven Pether som hittade<strong> Anea<\/strong> \u00e5t mig. En dag kom han och fr\u00e5gade om jag ville ha en h\u00e4st att l\u00e5na och rida. Han hade en bekant som hade f\u00f6tt upp henne och hon ville placera henne n\u00e5gonstans, eftersom hon inte hade blivit riden p\u00e5 ett halv\u00e5r eller s\u00e5. Jag skulle f\u00e5 ha henne p\u00e5 jobbet och \u00e4garen stod f\u00f6r kostnaderna. Jag vet inte varf\u00f6r han fr\u00e5gade mig, kanske var det en h\u00e5llhake f\u00f6r att f\u00e5 mig att stanna (det h\u00e4r var efter ett halv\u00e5r), f\u00f6r jag tror jag gjorde ett ganska bra jobb. S\u00e5 hon blev en l\u00f6nef\u00f6rh\u00f6jning kan man s\u00e4ga.<br \/>\n<a href=\"https:\/\/media.ryttarutbildning.se\/2015\/06\/DSCN0108.jpg\"><img loading=\"lazy\" decoding=\"async\" class=\"aligncenter size-large wp-image-10788\" src=\"https:\/\/media.ryttarutbildning.se\/2015\/06\/DSCN0108-1024x800.jpg\" alt=\"DSCN0108\" width=\"584\" height=\"456\" srcset=\"https:\/\/media.ryttarutbildning.se\/2015\/06\/DSCN0108-1024x800.jpg 1024w, https:\/\/media.ryttarutbildning.se\/2015\/06\/DSCN0108-300x234.jpg 300w, https:\/\/media.ryttarutbildning.se\/2015\/06\/DSCN0108-384x300.jpg 384w, https:\/\/media.ryttarutbildning.se\/2015\/06\/DSCN0108.jpg 1841w\" sizes=\"auto, (max-width: 584px) 100vw, 584px\" \/><\/a><em>Har i princip inga bilder p\u00e5 Anea fr\u00e5n den tiden, vilket gr\u00e4mer mig. H\u00e4r har hon varit hos mig n\u00e5gra m\u00e5nader.<\/em><\/p>\n<p>Jag \u00e5kte f\u00f6r att titta p\u00e5 henne, och hon s\u00e5g ju inte mycket ut f\u00f6r v\u00e4rlden. Som en lurvig och omusklad ridskoleh\u00e4st ungef\u00e4r. Jag t\u00e4nkte att jag skulle longera f\u00f6rst eftersom hon inte var riden p\u00e5 s\u00e5 l\u00e4nge, men det gick inte alls f\u00f6r hon var s\u00e5 orastad att hon bara sprang benen av sig och h\u00f6ll p\u00e5 att g\u00e5 omkull. Jag t\u00e4nkte att det kanske \u00e4nd\u00e5 skulle g\u00e5 b\u00e4ttre att rida. Det gjorde det inte. Vi var p\u00e5 en utebana och hon var helt okoncentrerad och sprang med huvudet rakt upp i s\u00e4kert en kvart. Jag t\u00e4nkte att snart s\u00e4ger \u00e4garen \u00e5t mig att hoppa av eftersom jag uppenbarligen inte kan rida. Till slut fick jag v\u00e4l \u00e4nd\u00e5 n\u00e5gon slags \u201dform\u201d p\u00e5 henne, \u00e4garen var j\u00e4tten\u00f6jd (?) och av oklar anledning tog jag mig an h\u00e4sten. Jag tog henne till Arphus och hon s\u00e5g \u00e4nnu v\u00e4rre ut bland de fina h\u00e4starna. Eftersom hon var extremt l\u00e5ngh\u00e5rig s\u00e5 ville jag inte chocka henne med en helklippning heller, utan fick g\u00f6ra en s\u00e5dan d\u00e4r of\u00f6rdelaktig jaktklippning s\u00e5 hon s\u00e5g ut som en pudel eller ponny. Sedan k\u00e4mpade jag. Hon var vansinnigt oliksidig. Ena tygeln h\u00e4ngde och den andra k\u00e4ndes som att dra i en v\u00e4gg. Jag fick ont \u00f6verallt. Hon var sp\u00e4nd i ryggen och nacken. Ibland tog hon pl\u00f6tsligt bettet och bara sprang en l\u00e5ngsida s\u00e5 man s\u00e5g \u00f6gonvitorna p\u00e5 henne n\u00e4stan \u2013 halsen var helt ut och in. Jag hade aldrig klarat det utan all hj\u00e4lp jag fick, och hade jag inte haft andra h\u00e4star vid sidan av hade jag f\u00f6rst\u00f6rt min ridning fullst\u00e4ndigt. Bara att skritta ut var en p\u00e4rs \u2013 det som skulle vara en avslappnad \u201dvilodag\u201d slutade med att jag var helt f\u00e4rdig f\u00f6r hon var s\u00e5 tittig att hon blev som en stj\u00e4rnkikare. Jag kollade igenom henne och det var egentligen inga fysiska fel. Jag vet inte vad som hade f\u00e5tt henne att bli s\u00e5d\u00e4r \u2013 det kan inte bara vara f\u00f6r att hon hade st\u00e5tt ett halv\u00e5r, utan det m\u00e5ste ha h\u00e4nt n\u00e5got. Jag tror inte heller att P o P fattade riktigt HUR sv\u00e5r hon var. Ofta skrek n\u00e5gon av dem att jag skulle st\u00e4lla h\u00e4sten, men det gick verkligen inte. Hon var som en fiolstr\u00e4ng och helt okontaktbar, och jag k\u00e4nde mig som en nyb\u00f6rjare halva tiden ungef\u00e4r. Att den h\u00e4sten skulle starta St Georges i framtiden hade v\u00e4l ingen trott d\u00e5 precis.<\/p>\n<p>Sista halv\u00e5ret p\u00e5 Arphus b\u00f6rjade jag f\u00f6rbereda mig p\u00e5 att starta eget. Jag fick kontakt med Nyf\u00f6retagarcentrum genom en av deras inackorderingar (det \u00e4r ju s\u00e5 att allt har en mening), och d\u00e4r fick jag hj\u00e4lp att uppr\u00e4tta en aff\u00e4rsplan bl.a. Som tur var hade vi lite extra personal under den h\u00e4r tiden, s\u00e5 jag hann \u00e5ka iv\u00e4g p\u00e5 m\u00f6ten ibland, och sedan satt jag och r\u00e4knade och planerade p\u00e5 kv\u00e4llarna\u2026<br \/>\n<a href=\"https:\/\/media.ryttarutbildning.se\/2015\/06\/DSCN0434.jpg\"><img loading=\"lazy\" decoding=\"async\" class=\"aligncenter size-large wp-image-10791\" src=\"https:\/\/media.ryttarutbildning.se\/2015\/06\/DSCN0434-1024x768.jpg\" alt=\"DSCN0434\" width=\"584\" height=\"438\" srcset=\"https:\/\/media.ryttarutbildning.se\/2015\/06\/DSCN0434-1024x768.jpg 1024w, https:\/\/media.ryttarutbildning.se\/2015\/06\/DSCN0434-300x225.jpg 300w, https:\/\/media.ryttarutbildning.se\/2015\/06\/DSCN0434-400x300.jpg 400w\" sizes=\"auto, (max-width: 584px) 100vw, 584px\" \/><\/a><em>\u00a0\u00a0\u00a0\u00a0\u00a0\u00a0\u00a0\u00a0\u00a0\u00a0\u00a0\u00a0\u00a0\u00a0\u00a0\u00a0\u00a0\u00a0\u00a0\u00a0\u00a0\u00a0\u00a0\u00a0\u00a0\u00a0\u00a0\u00a0\u00a0\u00a0\u00a0\u00a0\u00a0\u00a0\u00a0\u00a0\u00a0\u00a0\u00a0\u00a0\u00a0\u00a0\u00a0\u00a0\u00a0\u00a0\u00a0\u00a0\u00a0\u00a0 En liten g\u00e5rds-maskot.<\/em><\/p>\n<p>Jag vet inte om det st\u00e4mmer att Arphus inte var en \u201dspr\u00e5ngbr\u00e4da\u201d \u2013\u00a0 om man hade t\u00e4nkt starta eget och satsa p\u00e5 kvalitet s\u00e5 var det b\u00e4sta spr\u00e5ngbr\u00e4dan man kunde f\u00e5. Jag fick b\u00e5de rida och samtidigt ta ansvar f\u00f6r helheten med stall-och g\u00e5rdssk\u00f6tsel. Framf\u00f6rallt tror jag att jag fick med mig mycket bra ridning som jag verkligen har haft nytta av n\u00e4r jag jobbar med mina egna h\u00e4star nu. Anledningen varf\u00f6r jag tog det h\u00e4r jobbet var just att jag ville kunna utbilda mina d\u00e5, blivande lektionsh\u00e4star b\u00e4ttre. Innan red jag bara runt lite planl\u00f6st \u201dp\u00e5 k\u00e4nn\u201d, och ibland blev det bra, men d\u00e5 var det mest tur. Efter de h\u00e4r tv\u00e5 \u00e5ren hade jag en annan f\u00f6rst\u00e5else f\u00f6r helheten tror jag. Och jag hade f\u00e5tt k\u00e4nna hur det BORDE k\u00e4nnas. Det var guld v\u00e4rt, det d\u00e4r jobbet, och jag \u00e4r s\u00e5 vansinnigt glad att jag tog den chansen och gjorde det, \u00e4ven om jag k\u00e4nde mig lite \u201df\u00f6r gammal\u201d. Men s\u00e5dant ska man strunta i \u2013 det \u00e4r b\u00e4ttre att f\u00f6lja magk\u00e4nslan, \u00e4n f\u00f6rnuftet. Magk\u00e4nslan tar dig l\u00e5ngt mycket l\u00e4ngre i livet, det \u00e4r jag s\u00e4ker p\u00e5.<\/p>\n<p>&nbsp;<\/p>\n","protected":false},"excerpt":{"rendered":"<p>&nbsp; Dags att snart runda av ber\u00e4ttelsen om mitt h\u00e4stliv. F\u00f6rra delen kan ni l\u00e4sa h\u00e4r. Jag kommer aldrig gl\u00f6mma n\u00e4r jag s\u00f6kte jobb hos Pether Markne\u00a0och Per Sandgaard. Jag\u00a0k\u00e4nde mig f\u00e4rdig\u00a0med\u00a0att jobba p\u00e5 ridskola och beh\u00f6vde en nyt\u00e4ndning, men att flytta utomlands och satsa p\u00e5 det s\u00e4ttet k\u00e4ndes inte helt lockande vid 27 \u00e5rs [&hellip;]<\/p>\n","protected":false},"author":1,"featured_media":0,"comment_status":"open","ping_status":"open","sticky":false,"template":"","format":"standard","meta":{"_exactmetrics_skip_tracking":false,"_exactmetrics_sitenote_active":false,"_exactmetrics_sitenote_note":"","_exactmetrics_sitenote_category":0,"footnotes":""},"categories":[8],"tags":[],"class_list":["post-10754","post","type-post","status-publish","format-standard","hentry","category-privat-ovrigt"],"_links":{"self":[{"href":"https:\/\/ryttarutbildning.se\/index.php?rest_route=\/wp\/v2\/posts\/10754","targetHints":{"allow":["GET"]}}],"collection":[{"href":"https:\/\/ryttarutbildning.se\/index.php?rest_route=\/wp\/v2\/posts"}],"about":[{"href":"https:\/\/ryttarutbildning.se\/index.php?rest_route=\/wp\/v2\/types\/post"}],"author":[{"embeddable":true,"href":"https:\/\/ryttarutbildning.se\/index.php?rest_route=\/wp\/v2\/users\/1"}],"replies":[{"embeddable":true,"href":"https:\/\/ryttarutbildning.se\/index.php?rest_route=%2Fwp%2Fv2%2Fcomments&post=10754"}],"version-history":[{"count":0,"href":"https:\/\/ryttarutbildning.se\/index.php?rest_route=\/wp\/v2\/posts\/10754\/revisions"}],"wp:attachment":[{"href":"https:\/\/ryttarutbildning.se\/index.php?rest_route=%2Fwp%2Fv2%2Fmedia&parent=10754"}],"wp:term":[{"taxonomy":"category","embeddable":true,"href":"https:\/\/ryttarutbildning.se\/index.php?rest_route=%2Fwp%2Fv2%2Fcategories&post=10754"},{"taxonomy":"post_tag","embeddable":true,"href":"https:\/\/ryttarutbildning.se\/index.php?rest_route=%2Fwp%2Fv2%2Ftags&post=10754"}],"curies":[{"name":"wp","href":"https:\/\/api.w.org\/{rel}","templated":true}]}}