{"id":10407,"date":"2015-05-27T18:40:43","date_gmt":"2015-05-27T16:40:43","guid":{"rendered":"http:\/\/ryttarutbildning.se\/?p=10407"},"modified":"2015-05-27T18:48:47","modified_gmt":"2015-05-27T16:48:47","slug":"fin-onsdag","status":"publish","type":"post","link":"https:\/\/ryttarutbildning.se\/?p=10407","title":{"rendered":"Fin onsdag"},"content":{"rendered":"<p>Det har p\u00e5 det stora hela varit en fin onsdag. Lite svajigt v\u00e4der, man tror att det ska b\u00f6rja regna, och sedan str\u00e5lar solen igen. Det \u00e4r lite knepigt den h\u00e4r tiden p\u00e5 \u00e5ret med t\u00e4cke p\u00e5 \/ av ??<\/p>\n<p>Idag har vi ridit ut de flesta h\u00e4starna. <strong>Anea<\/strong> beh\u00f6vde en skritt-dag efter tr\u00e4ningen ig\u00e5r. <strong>Harry<\/strong> har g\u00e5tt flera lektioner i rad nu (det tar sig) s\u00e5 han beh\u00f6vde lite milj\u00f6ombyte. <strong>Caramelle<\/strong> ska t\u00e4vla p\u00e5 fredag men jag red \u00e4nd\u00e5 bara ut idag\u00a0f\u00f6r att h\u00e5lla motivationen uppe. <strong>Iffi<\/strong> fick skritta ut och sedan jogga lite i ridhuset. <strong>Fantasi <\/strong>fick en uteritt med Linde.<\/p>\n<p>Har hunnit med tre privatlektioner idag ocks\u00e5. Hade superflyt och ett bra tempo, f\u00f6r tanken var att \u00e5ka in till stan men det blev inst\u00e4llt s\u00e5 d\u00e5 fick jag gr\u00e4smattan klippt ist\u00e4llet. Jag hinner ett varv runt och sedan m\u00e5ste jag b\u00f6rja om igen (det tar mig ca en vecka att klippa hela&#8230;). Egentligen borde jag ha fakturerat klart men jag g\u00f6r det imorgon, det f\u00f6rsta jag g\u00f6r! S\u00e5 ni som saknar (?) en faktura &#8211; jag har inte hunnit! L\u00e4s: jag har prioriterat ute-sysslor ist\u00e4llet&#8230;<br \/>\n<a href=\"https:\/\/media.ryttarutbildning.se\/2015\/05\/11064795_10153960900963636_3780817617144258532_n.jpg\"><img loading=\"lazy\" decoding=\"async\" class=\"aligncenter size-full wp-image-10408\" src=\"https:\/\/media.ryttarutbildning.se\/2015\/05\/11064795_10153960900963636_3780817617144258532_n.jpg\" alt=\"11064795_10153960900963636_3780817617144258532_n\" width=\"640\" height=\"640\" srcset=\"https:\/\/media.ryttarutbildning.se\/2015\/05\/11064795_10153960900963636_3780817617144258532_n.jpg 640w, https:\/\/media.ryttarutbildning.se\/2015\/05\/11064795_10153960900963636_3780817617144258532_n-150x150.jpg 150w, https:\/\/media.ryttarutbildning.se\/2015\/05\/11064795_10153960900963636_3780817617144258532_n-300x300.jpg 300w\" sizes=\"auto, (max-width: 640px) 100vw, 640px\" \/><\/a><em>N\u00e4stan som kompisar! \ud83d\ude09<\/em><\/p>\n","protected":false},"excerpt":{"rendered":"<p>Det har p\u00e5 det stora hela varit en fin onsdag. Lite svajigt v\u00e4der, man tror att det ska b\u00f6rja regna, och sedan str\u00e5lar solen igen. Det \u00e4r lite knepigt den h\u00e4r tiden p\u00e5 \u00e5ret med t\u00e4cke p\u00e5 \/ av ?? Idag har vi ridit ut de flesta h\u00e4starna. Anea beh\u00f6vde en skritt-dag efter tr\u00e4ningen ig\u00e5r. [&hellip;]<\/p>\n","protected":false},"author":1,"featured_media":0,"comment_status":"open","ping_status":"open","sticky":false,"template":"","format":"standard","meta":{"_exactmetrics_skip_tracking":false,"_exactmetrics_sitenote_active":false,"_exactmetrics_sitenote_note":"","_exactmetrics_sitenote_category":0,"footnotes":""},"categories":[6,18],"tags":[],"class_list":["post-10407","post","type-post","status-publish","format-standard","hentry","category-dagens-ridning","category-min-dag"],"_links":{"self":[{"href":"https:\/\/ryttarutbildning.se\/index.php?rest_route=\/wp\/v2\/posts\/10407","targetHints":{"allow":["GET"]}}],"collection":[{"href":"https:\/\/ryttarutbildning.se\/index.php?rest_route=\/wp\/v2\/posts"}],"about":[{"href":"https:\/\/ryttarutbildning.se\/index.php?rest_route=\/wp\/v2\/types\/post"}],"author":[{"embeddable":true,"href":"https:\/\/ryttarutbildning.se\/index.php?rest_route=\/wp\/v2\/users\/1"}],"replies":[{"embeddable":true,"href":"https:\/\/ryttarutbildning.se\/index.php?rest_route=%2Fwp%2Fv2%2Fcomments&post=10407"}],"version-history":[{"count":0,"href":"https:\/\/ryttarutbildning.se\/index.php?rest_route=\/wp\/v2\/posts\/10407\/revisions"}],"wp:attachment":[{"href":"https:\/\/ryttarutbildning.se\/index.php?rest_route=%2Fwp%2Fv2%2Fmedia&parent=10407"}],"wp:term":[{"taxonomy":"category","embeddable":true,"href":"https:\/\/ryttarutbildning.se\/index.php?rest_route=%2Fwp%2Fv2%2Fcategories&post=10407"},{"taxonomy":"post_tag","embeddable":true,"href":"https:\/\/ryttarutbildning.se\/index.php?rest_route=%2Fwp%2Fv2%2Ftags&post=10407"}],"curies":[{"name":"wp","href":"https:\/\/api.w.org\/{rel}","templated":true}]}}