{"id":10364,"date":"2015-05-21T08:50:08","date_gmt":"2015-05-21T06:50:08","guid":{"rendered":"http:\/\/ryttarutbildning.se\/?p=10364"},"modified":"2015-05-21T08:50:08","modified_gmt":"2015-05-21T06:50:08","slug":"trakigt-besked-som-gor-att-jag-letar-hast","status":"publish","type":"post","link":"https:\/\/ryttarutbildning.se\/?p=10364","title":{"rendered":"Tr\u00e5kigt besked som g\u00f6r att jag letar h\u00e4st"},"content":{"rendered":"<p>Veterin\u00e4rbes\u00f6ket ig\u00e5r var med Mackan. Han har varit under ig\u00e5ngs\u00e4ttning efter att ha blivit behandlad i b\u00e5da bakbenen f\u00f6r en tid sedan. Redan d\u00e5 l\u00e4t det inte alltf\u00f6r positivt, men d\u00e5 r\u00f6ntgade jag inte. Tyv\u00e4rr har det inte g\u00e5tt \u00e5t r\u00e4tt h\u00e5ll under ig\u00e5ngs\u00e4ttningen &#8211; tv\u00e4rtom. Sist hoppade jag av efter 10 minuter och best\u00e4mde mig f\u00f6r att aldrig mer sitta upp p\u00e5 honom igen.<\/p>\n<p>S\u00e5 bes\u00f6ket ig\u00e5r var mer f\u00f6r att bekr\u00e4fta det veterin\u00e4ren trodde. Vi r\u00f6ntgade bara ena bakbenet, det beh\u00f6vdes inte mer. Han var mer halt nu \u00e4n f\u00f6rsta g\u00e5ngen jag var inne, och han har artros i bakkn\u00e4t (f\u00f6rmodligen \u00e4ven p\u00e5 v\u00e4nster). Om det \u00e4r lindrigt s\u00e5 kan man behandla, men\u00a0det h\u00e4r var mycket s\u00e5\u00a0vi bed\u00f6mde att det inte \u00e4r n\u00e5gon mening ( s\u00e4rskilt eftersom han inte svarade p\u00e5 f\u00f6rsta f\u00f6rs\u00f6ket). Dessutom b\u00f6rjar han bli ganska gammal nu. Tydligen kan den h\u00e4r typen av skada vara n\u00e5got h\u00e4sten klarar att g\u00e5 med\u00a0r\u00e4tt l\u00e4nge, f\u00f6r att pl\u00f6tsligt krascha helt. Mackan har ju varit frisk hela tiden jag haft honom\u00a0 (k\u00f6pte honom h\u00f6sten 2012), men pl\u00f6tsligt ville han inte galoppera. Jag trodde f\u00f6rst att han hade gjort n\u00e5got i hagen, str\u00e4ckt sig eller s\u00e5, eftersom det kom s\u00e5 snabbt. Men s\u00e5 var det ju tyv\u00e4rr inte.<\/p>\n<p>Det tar v\u00e4l n\u00e5gon vecka till innan han f\u00e5r l\u00e4mna oss f\u00f6r evigt gr\u00f6nbete. Jag m\u00e5ste f\u00e5 klart med hans papper f\u00f6rst. S\u00e5 ni som vill hinna s\u00e4ga hej d\u00e5 hinner det. Det \u00e4r j\u00e4ttetr\u00e5kigt, men s\u00e5h\u00e4r \u00e4r livet med djur, de \u00e4r bara till l\u00e5ns.<\/p>\n<p>Jag kommer b\u00f6rja leta h\u00e4st snart, n\u00e4r jag orkar&#8230; Som vanligt f\u00e5 ni g\u00e4rna tipsa mig om ni har n\u00e5got p\u00e5 lut.<br \/>\n<a href=\"https:\/\/media.ryttarutbildning.se\/2015\/05\/DSC_0381.jpg\"><img loading=\"lazy\" decoding=\"async\" class=\"aligncenter size-large wp-image-10365\" src=\"https:\/\/media.ryttarutbildning.se\/2015\/05\/DSC_0381-1024x959.jpg\" alt=\"DSC_0381\" width=\"584\" height=\"547\" srcset=\"https:\/\/media.ryttarutbildning.se\/2015\/05\/DSC_0381-1024x959.jpg 1024w, https:\/\/media.ryttarutbildning.se\/2015\/05\/DSC_0381-300x281.jpg 300w, https:\/\/media.ryttarutbildning.se\/2015\/05\/DSC_0381-320x300.jpg 320w, https:\/\/media.ryttarutbildning.se\/2015\/05\/DSC_0381.jpg 2007w\" sizes=\"auto, (max-width: 584px) 100vw, 584px\" \/><\/a><\/p>\n","protected":false},"excerpt":{"rendered":"<p>Veterin\u00e4rbes\u00f6ket ig\u00e5r var med Mackan. Han har varit under ig\u00e5ngs\u00e4ttning efter att ha blivit behandlad i b\u00e5da bakbenen f\u00f6r en tid sedan. Redan d\u00e5 l\u00e4t det inte alltf\u00f6r positivt, men d\u00e5 r\u00f6ntgade jag inte. Tyv\u00e4rr har det inte g\u00e5tt \u00e5t r\u00e4tt h\u00e5ll under ig\u00e5ngs\u00e4ttningen &#8211; tv\u00e4rtom. Sist hoppade jag av efter 10 minuter och best\u00e4mde [&hellip;]<\/p>\n","protected":false},"author":1,"featured_media":0,"comment_status":"open","ping_status":"open","sticky":false,"template":"","format":"standard","meta":{"_exactmetrics_skip_tracking":false,"_exactmetrics_sitenote_active":false,"_exactmetrics_sitenote_note":"","_exactmetrics_sitenote_category":0,"footnotes":""},"categories":[7,19],"tags":[],"class_list":["post-10364","post","type-post","status-publish","format-standard","hentry","category-hastarna","category-information"],"_links":{"self":[{"href":"https:\/\/ryttarutbildning.se\/index.php?rest_route=\/wp\/v2\/posts\/10364","targetHints":{"allow":["GET"]}}],"collection":[{"href":"https:\/\/ryttarutbildning.se\/index.php?rest_route=\/wp\/v2\/posts"}],"about":[{"href":"https:\/\/ryttarutbildning.se\/index.php?rest_route=\/wp\/v2\/types\/post"}],"author":[{"embeddable":true,"href":"https:\/\/ryttarutbildning.se\/index.php?rest_route=\/wp\/v2\/users\/1"}],"replies":[{"embeddable":true,"href":"https:\/\/ryttarutbildning.se\/index.php?rest_route=%2Fwp%2Fv2%2Fcomments&post=10364"}],"version-history":[{"count":0,"href":"https:\/\/ryttarutbildning.se\/index.php?rest_route=\/wp\/v2\/posts\/10364\/revisions"}],"wp:attachment":[{"href":"https:\/\/ryttarutbildning.se\/index.php?rest_route=%2Fwp%2Fv2%2Fmedia&parent=10364"}],"wp:term":[{"taxonomy":"category","embeddable":true,"href":"https:\/\/ryttarutbildning.se\/index.php?rest_route=%2Fwp%2Fv2%2Fcategories&post=10364"},{"taxonomy":"post_tag","embeddable":true,"href":"https:\/\/ryttarutbildning.se\/index.php?rest_route=%2Fwp%2Fv2%2Ftags&post=10364"}],"curies":[{"name":"wp","href":"https:\/\/api.w.org\/{rel}","templated":true}]}}