{"id":10030,"date":"2015-04-22T17:48:50","date_gmt":"2015-04-22T15:48:50","guid":{"rendered":"http:\/\/ryttarutbildning.se\/?p=10030"},"modified":"2015-04-22T17:48:50","modified_gmt":"2015-04-22T15:48:50","slug":"dagens-ridning-33","status":"publish","type":"post","link":"https:\/\/ryttarutbildning.se\/?p=10030","title":{"rendered":"Dagens ridning"},"content":{"rendered":"<p>Jag borde inte ha ridit alls idag, jag m\u00e5r verkligen inte bra. Tyv\u00e4rr har jag S\u00c5 sv\u00e5rt att prioritera bort det d\u00e5 onsdagar \u00e4r en bra dag att rida igenom h\u00e4starna. Om jag slarvar med det s\u00e5 f\u00e5r jag sv\u00e5rt att undervisa, s\u00e5 det \u00e4r viktigt.<\/p>\n<p>Dock har jag ridit korta pass, och de flesta h\u00e4starna utomhus. Har fokuserat p\u00e5 bjudning och l\u00f6sgjordhet, och en hel del med tagen bakdel \/ sluta. \u00c5terkommer till detta fram\u00f6ver &#8211; det \u00e4r n\u00e5got vi ska f\u00f6rs\u00f6ka jobba mer med. Det \u00e4r ett bra s\u00e4tt att f\u00e5 h\u00e4sten att b\u00f6rja jobba mer med bakbenen och \u00e4ven f\u00e5 igenom en b\u00e4ttre b\u00f6jning.<\/p>\n<p>Deppigt n\u00e4r man \u00e4r helt slut fast solen skiner och det k\u00e4nns som om man &#8221;borde&#8221; vara pigg och taggad. Jag l\u00e4gger mig i soffan med en film nu och skriver mer om tagen bakdel och sluta en dag n\u00e4r jag \u00e4r pigg!<br \/>\n<a href=\"https:\/\/media.ryttarutbildning.se\/2015\/04\/DSC_8416.jpg\"><img loading=\"lazy\" decoding=\"async\" class=\"aligncenter size-medium wp-image-10032\" src=\"https:\/\/media.ryttarutbildning.se\/2015\/04\/DSC_8416-300x248.jpg\" alt=\"DSC_8416\" width=\"300\" height=\"248\" srcset=\"https:\/\/media.ryttarutbildning.se\/2015\/04\/DSC_8416-300x248.jpg 300w, https:\/\/media.ryttarutbildning.se\/2015\/04\/DSC_8416-1024x848.jpg 1024w, https:\/\/media.ryttarutbildning.se\/2015\/04\/DSC_8416-362x300.jpg 362w, https:\/\/media.ryttarutbildning.se\/2015\/04\/DSC_8416.jpg 1613w\" sizes=\"auto, (max-width: 300px) 100vw, 300px\" \/><\/a><em>\u00a0\u00a0\u00a0\u00a0\u00a0 Calle m\u00e5r bra av slutor i alla former och g\u00e5ngarter! (Bilden dock ej fr\u00e5n idag&#8230;)<\/em><\/p>\n","protected":false},"excerpt":{"rendered":"<p>Jag borde inte ha ridit alls idag, jag m\u00e5r verkligen inte bra. Tyv\u00e4rr har jag S\u00c5 sv\u00e5rt att prioritera bort det d\u00e5 onsdagar \u00e4r en bra dag att rida igenom h\u00e4starna. Om jag slarvar med det s\u00e5 f\u00e5r jag sv\u00e5rt att undervisa, s\u00e5 det \u00e4r viktigt. Dock har jag ridit korta pass, och de flesta [&hellip;]<\/p>\n","protected":false},"author":1,"featured_media":0,"comment_status":"open","ping_status":"open","sticky":false,"template":"","format":"standard","meta":{"_exactmetrics_skip_tracking":false,"_exactmetrics_sitenote_active":false,"_exactmetrics_sitenote_note":"","_exactmetrics_sitenote_category":0,"footnotes":""},"categories":[6],"tags":[],"class_list":["post-10030","post","type-post","status-publish","format-standard","hentry","category-dagens-ridning"],"_links":{"self":[{"href":"https:\/\/ryttarutbildning.se\/index.php?rest_route=\/wp\/v2\/posts\/10030","targetHints":{"allow":["GET"]}}],"collection":[{"href":"https:\/\/ryttarutbildning.se\/index.php?rest_route=\/wp\/v2\/posts"}],"about":[{"href":"https:\/\/ryttarutbildning.se\/index.php?rest_route=\/wp\/v2\/types\/post"}],"author":[{"embeddable":true,"href":"https:\/\/ryttarutbildning.se\/index.php?rest_route=\/wp\/v2\/users\/1"}],"replies":[{"embeddable":true,"href":"https:\/\/ryttarutbildning.se\/index.php?rest_route=%2Fwp%2Fv2%2Fcomments&post=10030"}],"version-history":[{"count":0,"href":"https:\/\/ryttarutbildning.se\/index.php?rest_route=\/wp\/v2\/posts\/10030\/revisions"}],"wp:attachment":[{"href":"https:\/\/ryttarutbildning.se\/index.php?rest_route=%2Fwp%2Fv2%2Fmedia&parent=10030"}],"wp:term":[{"taxonomy":"category","embeddable":true,"href":"https:\/\/ryttarutbildning.se\/index.php?rest_route=%2Fwp%2Fv2%2Fcategories&post=10030"},{"taxonomy":"post_tag","embeddable":true,"href":"https:\/\/ryttarutbildning.se\/index.php?rest_route=%2Fwp%2Fv2%2Ftags&post=10030"}],"curies":[{"name":"wp","href":"https:\/\/api.w.org\/{rel}","templated":true}]}}